{"id":7902,"date":"2021-05-10T08:20:40","date_gmt":"2021-05-10T06:20:40","guid":{"rendered":"http:\/\/agora.xtec.cat\/iesacumella\/?p=7902"},"modified":"2021-06-17T13:03:30","modified_gmt":"2021-06-17T11:03:30","slug":"historia-de-la-terra","status":"publish","type":"post","link":"https:\/\/agora.xtec.cat\/iesacumella\/portada\/estudis\/eso\/4rt-eso\/historia-de-la-terra\/","title":{"rendered":"Hist\u00f2ria de la Terra"},"content":{"rendered":"<p>Els alumnes de 4t ESO C de la mat\u00e8ria de Biologia i Geologia han fet un recorregut pels principals esdeveniments que han perm\u00e8s l\u2019aparici\u00f3, el desenvolupament i l\u2019evoluci\u00f3 de la vida a la Terra, a partir de les peces f\u00f2ssils de la col\u00b7lecci\u00f3 del Museu.<\/p>\n<p>Tamb\u00e9 han identificat f\u00f2ssils caracter\u00edstics, han apr\u00e8s el proc\u00e9s de fossilitzaci\u00f3 i han pogut recon\u00e8ixer les eres geol\u00f2giques amb els f\u00f2ssils guia.<\/p>\n<p><a href=\"https:\/\/agora.xtec.cat\/iesacumella\/wp-content\/uploads\/usu1642\/2021\/05\/a11599df-bf25-4f6a-b3a9-6c8db6501799.jpg\"><img loading=\"lazy\" decoding=\"async\" class=\"alignnone size-medium wp-image-7903\" src=\"https:\/\/agora.xtec.cat\/iesacumella\/wp-content\/uploads\/usu1642\/2021\/05\/a11599df-bf25-4f6a-b3a9-6c8db6501799-300x300.jpg\" alt=\"\" width=\"300\" height=\"300\" srcset=\"https:\/\/agora.xtec.cat\/iesacumella\/wp-content\/uploads\/usu1642\/2021\/05\/a11599df-bf25-4f6a-b3a9-6c8db6501799-300x300.jpg 300w, https:\/\/agora.xtec.cat\/iesacumella\/wp-content\/uploads\/usu1642\/2021\/05\/a11599df-bf25-4f6a-b3a9-6c8db6501799-150x150.jpg 150w, https:\/\/agora.xtec.cat\/iesacumella\/wp-content\/uploads\/usu1642\/2021\/05\/a11599df-bf25-4f6a-b3a9-6c8db6501799-768x768.jpg 768w, https:\/\/agora.xtec.cat\/iesacumella\/wp-content\/uploads\/usu1642\/2021\/05\/a11599df-bf25-4f6a-b3a9-6c8db6501799-1024x1024.jpg 1024w, https:\/\/agora.xtec.cat\/iesacumella\/wp-content\/uploads\/usu1642\/2021\/05\/a11599df-bf25-4f6a-b3a9-6c8db6501799.jpg 1512w\" sizes=\"auto, (max-width: 300px) 100vw, 300px\" \/><\/a> <a href=\"https:\/\/agora.xtec.cat\/iesacumella\/wp-content\/uploads\/usu1642\/2021\/05\/e6464b7e-573e-4b18-bb19-f9aca751573f.jpg\"><img loading=\"lazy\" decoding=\"async\" class=\"alignnone size-medium wp-image-7904\" src=\"https:\/\/agora.xtec.cat\/iesacumella\/wp-content\/uploads\/usu1642\/2021\/05\/e6464b7e-573e-4b18-bb19-f9aca751573f-300x300.jpg\" alt=\"\" width=\"300\" height=\"300\" srcset=\"https:\/\/agora.xtec.cat\/iesacumella\/wp-content\/uploads\/usu1642\/2021\/05\/e6464b7e-573e-4b18-bb19-f9aca751573f-300x300.jpg 300w, https:\/\/agora.xtec.cat\/iesacumella\/wp-content\/uploads\/usu1642\/2021\/05\/e6464b7e-573e-4b18-bb19-f9aca751573f-150x150.jpg 150w, https:\/\/agora.xtec.cat\/iesacumella\/wp-content\/uploads\/usu1642\/2021\/05\/e6464b7e-573e-4b18-bb19-f9aca751573f-768x768.jpg 768w, https:\/\/agora.xtec.cat\/iesacumella\/wp-content\/uploads\/usu1642\/2021\/05\/e6464b7e-573e-4b18-bb19-f9aca751573f-1024x1024.jpg 1024w, https:\/\/agora.xtec.cat\/iesacumella\/wp-content\/uploads\/usu1642\/2021\/05\/e6464b7e-573e-4b18-bb19-f9aca751573f.jpg 2048w\" sizes=\"auto, (max-width: 300px) 100vw, 300px\" \/><\/a> <a href=\"https:\/\/agora.xtec.cat\/iesacumella\/wp-content\/uploads\/usu1642\/2021\/05\/Grup.jpeg\"><img loading=\"lazy\" decoding=\"async\" class=\"alignnone size-medium wp-image-7905\" src=\"https:\/\/agora.xtec.cat\/iesacumella\/wp-content\/uploads\/usu1642\/2021\/05\/Grup-300x234.jpeg\" alt=\"\" width=\"300\" height=\"234\" srcset=\"https:\/\/agora.xtec.cat\/iesacumella\/wp-content\/uploads\/usu1642\/2021\/05\/Grup-300x234.jpeg 300w, https:\/\/agora.xtec.cat\/iesacumella\/wp-content\/uploads\/usu1642\/2021\/05\/Grup-768x600.jpeg 768w, https:\/\/agora.xtec.cat\/iesacumella\/wp-content\/uploads\/usu1642\/2021\/05\/Grup.jpeg 784w\" sizes=\"auto, (max-width: 300px) 100vw, 300px\" \/><\/a> <a href=\"https:\/\/agora.xtec.cat\/iesacumella\/wp-content\/uploads\/usu1642\/2021\/05\/IMG_7195.jpeg\"><img loading=\"lazy\" decoding=\"async\" class=\"alignnone size-medium wp-image-7906\" src=\"https:\/\/agora.xtec.cat\/iesacumella\/wp-content\/uploads\/usu1642\/2021\/05\/IMG_7195-300x300.jpeg\" alt=\"\" width=\"300\" height=\"300\" srcset=\"https:\/\/agora.xtec.cat\/iesacumella\/wp-content\/uploads\/usu1642\/2021\/05\/IMG_7195-300x300.jpeg 300w, https:\/\/agora.xtec.cat\/iesacumella\/wp-content\/uploads\/usu1642\/2021\/05\/IMG_7195-150x150.jpeg 150w, https:\/\/agora.xtec.cat\/iesacumella\/wp-content\/uploads\/usu1642\/2021\/05\/IMG_7195-768x767.jpeg 768w, https:\/\/agora.xtec.cat\/iesacumella\/wp-content\/uploads\/usu1642\/2021\/05\/IMG_7195-1024x1024.jpeg 1024w, https:\/\/agora.xtec.cat\/iesacumella\/wp-content\/uploads\/usu1642\/2021\/05\/IMG_7195.jpeg 1704w\" sizes=\"auto, (max-width: 300px) 100vw, 300px\" \/><\/a> <a href=\"https:\/\/agora.xtec.cat\/iesacumella\/wp-content\/uploads\/usu1642\/2021\/05\/IMG_7199.jpeg\"><img loading=\"lazy\" decoding=\"async\" class=\"alignnone size-medium wp-image-7907\" src=\"https:\/\/agora.xtec.cat\/iesacumella\/wp-content\/uploads\/usu1642\/2021\/05\/IMG_7199-300x225.jpeg\" alt=\"\" width=\"300\" height=\"225\" srcset=\"https:\/\/agora.xtec.cat\/iesacumella\/wp-content\/uploads\/usu1642\/2021\/05\/IMG_7199-300x225.jpeg 300w, https:\/\/agora.xtec.cat\/iesacumella\/wp-content\/uploads\/usu1642\/2021\/05\/IMG_7199-768x575.jpeg 768w, https:\/\/agora.xtec.cat\/iesacumella\/wp-content\/uploads\/usu1642\/2021\/05\/IMG_7199-1024x767.jpeg 1024w, https:\/\/agora.xtec.cat\/iesacumella\/wp-content\/uploads\/usu1642\/2021\/05\/IMG_7199-200x150.jpeg 200w, https:\/\/agora.xtec.cat\/iesacumella\/wp-content\/uploads\/usu1642\/2021\/05\/IMG_7199.jpeg 1284w\" sizes=\"auto, (max-width: 300px) 100vw, 300px\" \/><\/a><\/p>\n","protected":false},"excerpt":{"rendered":"<p>Els alumnes de 4t ESO C de la mat\u00e8ria de Biologia i Geologia han fet un recorregut pels principals esdeveniments que han perm\u00e8s l\u2019aparici\u00f3, el desenvolupament i l\u2019evoluci\u00f3 de la vida a la Terra, a partir de les peces f\u00f2ssils de la col\u00b7lecci\u00f3 del Museu.<br \/>\nTamb\u00e9&hellip;  <a href=\"https:\/\/agora.xtec.cat\/iesacumella\/portada\/estudis\/eso\/4rt-eso\/historia-de-la-terra\/\" title=\"Read Hist\u00f2ria de la Terra\">Llegeix m\u00e9s\u00bb<\/a><\/p>\n","protected":false},"author":1,"featured_media":7906,"comment_status":"closed","ping_status":"closed","sticky":false,"template":"","format":"standard","meta":{"_bbp_topic_count":0,"_bbp_reply_count":0,"_bbp_total_topic_count":0,"_bbp_total_reply_count":0,"_bbp_voice_count":0,"_bbp_anonymous_reply_count":0,"_bbp_topic_count_hidden":0,"_bbp_reply_count_hidden":0,"_bbp_forum_subforum_count":0,"footnotes":""},"categories":[128,130],"tags":[],"class_list":["post-7902","post","type-post","status-publish","format-standard","has-post-thumbnail","hentry","category-4rt-eso","category-ciencies-naturals"],"post_mailing_queue_ids":[],"_links":{"self":[{"href":"https:\/\/agora.xtec.cat\/iesacumella\/wp-json\/wp\/v2\/posts\/7902","targetHints":{"allow":["GET"]}}],"collection":[{"href":"https:\/\/agora.xtec.cat\/iesacumella\/wp-json\/wp\/v2\/posts"}],"about":[{"href":"https:\/\/agora.xtec.cat\/iesacumella\/wp-json\/wp\/v2\/types\/post"}],"author":[{"embeddable":true,"href":"https:\/\/agora.xtec.cat\/iesacumella\/wp-json\/wp\/v2\/users\/1"}],"replies":[{"embeddable":true,"href":"https:\/\/agora.xtec.cat\/iesacumella\/wp-json\/wp\/v2\/comments?post=7902"}],"version-history":[{"count":1,"href":"https:\/\/agora.xtec.cat\/iesacumella\/wp-json\/wp\/v2\/posts\/7902\/revisions"}],"predecessor-version":[{"id":7908,"href":"https:\/\/agora.xtec.cat\/iesacumella\/wp-json\/wp\/v2\/posts\/7902\/revisions\/7908"}],"wp:featuredmedia":[{"embeddable":true,"href":"https:\/\/agora.xtec.cat\/iesacumella\/wp-json\/wp\/v2\/media\/7906"}],"wp:attachment":[{"href":"https:\/\/agora.xtec.cat\/iesacumella\/wp-json\/wp\/v2\/media?parent=7902"}],"wp:term":[{"taxonomy":"category","embeddable":true,"href":"https:\/\/agora.xtec.cat\/iesacumella\/wp-json\/wp\/v2\/categories?post=7902"},{"taxonomy":"post_tag","embeddable":true,"href":"https:\/\/agora.xtec.cat\/iesacumella\/wp-json\/wp\/v2\/tags?post=7902"}],"curies":[{"name":"wp","href":"https:\/\/api.w.org\/{rel}","templated":true}]}}