{"id":7889,"date":"2021-05-06T11:27:53","date_gmt":"2021-05-06T09:27:53","guid":{"rendered":"http:\/\/agora.xtec.cat\/iesacumella\/?p=7889"},"modified":"2021-06-17T13:04:13","modified_gmt":"2021-06-17T11:04:13","slug":"energia-a-la-termica-de-roca-umbert","status":"publish","type":"post","link":"https:\/\/agora.xtec.cat\/iesacumella\/portada\/energia-a-la-termica-de-roca-umbert\/","title":{"rendered":"Energia a la T\u00e8rmica de Roca Umbert."},"content":{"rendered":"<p>El passat dijous els alumnes de F\u00edsica i Qu\u00edmica de 4 d&#8217;ESO van fer una visita a la T\u00e8rmica de Roca Umbert per fer un taller sobre l&#8217;evoluci\u00f3 de fonts d&#8217;energia a la planta t\u00e8xtil que hi havia antigament a la f\u00e0brica i com van evolucionar les formes d&#8217;obtenir energia i transformar-la en energia el\u00e8ctrica per alimentar les m\u00e0quines fins que la ind\u00fastria es va tancar. Van realitzar tamb\u00e9 un taller experimentant diferents formes d&#8217;obtenir energia el\u00e8ctrica a partir de l&#8217;energia calor\u00edfica que pot retenir el vapor d&#8217;aigua, el carb\u00f3 o altres combustibles, i com a trav\u00e9s d&#8217;una turbina es transforma en energia el\u00e8ctrica.<\/p>\n<p><a href=\"https:\/\/agora.xtec.cat\/iesacumella\/wp-content\/uploads\/usu1642\/2021\/05\/20210429_101542.jpg\"><img loading=\"lazy\" decoding=\"async\" class=\"alignnone size-medium wp-image-7890\" src=\"https:\/\/agora.xtec.cat\/iesacumella\/wp-content\/uploads\/usu1642\/2021\/05\/20210429_101542-300x300.jpg\" alt=\"\" width=\"300\" height=\"300\" srcset=\"https:\/\/agora.xtec.cat\/iesacumella\/wp-content\/uploads\/usu1642\/2021\/05\/20210429_101542-300x300.jpg 300w, https:\/\/agora.xtec.cat\/iesacumella\/wp-content\/uploads\/usu1642\/2021\/05\/20210429_101542-150x150.jpg 150w, https:\/\/agora.xtec.cat\/iesacumella\/wp-content\/uploads\/usu1642\/2021\/05\/20210429_101542-768x768.jpg 768w, https:\/\/agora.xtec.cat\/iesacumella\/wp-content\/uploads\/usu1642\/2021\/05\/20210429_101542-1024x1024.jpg 1024w, https:\/\/agora.xtec.cat\/iesacumella\/wp-content\/uploads\/usu1642\/2021\/05\/20210429_101542.jpg 1512w\" sizes=\"auto, (max-width: 300px) 100vw, 300px\" \/><\/a> <a href=\"https:\/\/agora.xtec.cat\/iesacumella\/wp-content\/uploads\/usu1642\/2021\/05\/20210429_101544.jpg\"><img loading=\"lazy\" decoding=\"async\" class=\"alignnone size-medium wp-image-7891\" src=\"https:\/\/agora.xtec.cat\/iesacumella\/wp-content\/uploads\/usu1642\/2021\/05\/20210429_101544-300x300.jpg\" alt=\"\" width=\"300\" height=\"300\" srcset=\"https:\/\/agora.xtec.cat\/iesacumella\/wp-content\/uploads\/usu1642\/2021\/05\/20210429_101544-300x300.jpg 300w, https:\/\/agora.xtec.cat\/iesacumella\/wp-content\/uploads\/usu1642\/2021\/05\/20210429_101544-150x150.jpg 150w, https:\/\/agora.xtec.cat\/iesacumella\/wp-content\/uploads\/usu1642\/2021\/05\/20210429_101544-768x768.jpg 768w, https:\/\/agora.xtec.cat\/iesacumella\/wp-content\/uploads\/usu1642\/2021\/05\/20210429_101544-1024x1024.jpg 1024w, https:\/\/agora.xtec.cat\/iesacumella\/wp-content\/uploads\/usu1642\/2021\/05\/20210429_101544.jpg 1512w\" sizes=\"auto, (max-width: 300px) 100vw, 300px\" \/><\/a> <a href=\"https:\/\/agora.xtec.cat\/iesacumella\/wp-content\/uploads\/usu1642\/2021\/05\/20210429_101550.jpg\"><img loading=\"lazy\" decoding=\"async\" class=\"alignnone size-medium wp-image-7892\" src=\"https:\/\/agora.xtec.cat\/iesacumella\/wp-content\/uploads\/usu1642\/2021\/05\/20210429_101550-300x300.jpg\" alt=\"\" width=\"300\" height=\"300\" srcset=\"https:\/\/agora.xtec.cat\/iesacumella\/wp-content\/uploads\/usu1642\/2021\/05\/20210429_101550-300x300.jpg 300w, https:\/\/agora.xtec.cat\/iesacumella\/wp-content\/uploads\/usu1642\/2021\/05\/20210429_101550-150x150.jpg 150w, https:\/\/agora.xtec.cat\/iesacumella\/wp-content\/uploads\/usu1642\/2021\/05\/20210429_101550-768x768.jpg 768w, https:\/\/agora.xtec.cat\/iesacumella\/wp-content\/uploads\/usu1642\/2021\/05\/20210429_101550-1024x1024.jpg 1024w, https:\/\/agora.xtec.cat\/iesacumella\/wp-content\/uploads\/usu1642\/2021\/05\/20210429_101550.jpg 1512w\" sizes=\"auto, (max-width: 300px) 100vw, 300px\" \/><\/a> <a href=\"https:\/\/agora.xtec.cat\/iesacumella\/wp-content\/uploads\/usu1642\/2021\/05\/20210429_102309.jpg\"><img loading=\"lazy\" decoding=\"async\" class=\"alignnone size-medium wp-image-7893\" src=\"https:\/\/agora.xtec.cat\/iesacumella\/wp-content\/uploads\/usu1642\/2021\/05\/20210429_102309-300x300.jpg\" alt=\"\" width=\"300\" height=\"300\" srcset=\"https:\/\/agora.xtec.cat\/iesacumella\/wp-content\/uploads\/usu1642\/2021\/05\/20210429_102309-300x300.jpg 300w, https:\/\/agora.xtec.cat\/iesacumella\/wp-content\/uploads\/usu1642\/2021\/05\/20210429_102309-150x150.jpg 150w, https:\/\/agora.xtec.cat\/iesacumella\/wp-content\/uploads\/usu1642\/2021\/05\/20210429_102309-768x768.jpg 768w, https:\/\/agora.xtec.cat\/iesacumella\/wp-content\/uploads\/usu1642\/2021\/05\/20210429_102309-1024x1024.jpg 1024w, https:\/\/agora.xtec.cat\/iesacumella\/wp-content\/uploads\/usu1642\/2021\/05\/20210429_102309.jpg 1512w\" sizes=\"auto, (max-width: 300px) 100vw, 300px\" \/><\/a> <a href=\"https:\/\/agora.xtec.cat\/iesacumella\/wp-content\/uploads\/usu1642\/2021\/05\/20210429_103143.jpg\"><img loading=\"lazy\" decoding=\"async\" class=\"alignnone size-medium wp-image-7894\" src=\"https:\/\/agora.xtec.cat\/iesacumella\/wp-content\/uploads\/usu1642\/2021\/05\/20210429_103143-300x300.jpg\" alt=\"\" width=\"300\" height=\"300\" srcset=\"https:\/\/agora.xtec.cat\/iesacumella\/wp-content\/uploads\/usu1642\/2021\/05\/20210429_103143-300x300.jpg 300w, https:\/\/agora.xtec.cat\/iesacumella\/wp-content\/uploads\/usu1642\/2021\/05\/20210429_103143-150x150.jpg 150w, https:\/\/agora.xtec.cat\/iesacumella\/wp-content\/uploads\/usu1642\/2021\/05\/20210429_103143-768x768.jpg 768w, https:\/\/agora.xtec.cat\/iesacumella\/wp-content\/uploads\/usu1642\/2021\/05\/20210429_103143-1024x1024.jpg 1024w, https:\/\/agora.xtec.cat\/iesacumella\/wp-content\/uploads\/usu1642\/2021\/05\/20210429_103143.jpg 1512w\" sizes=\"auto, (max-width: 300px) 100vw, 300px\" \/><\/a> <a href=\"https:\/\/agora.xtec.cat\/iesacumella\/wp-content\/uploads\/usu1642\/2021\/05\/20210429_103929.jpg\"><img loading=\"lazy\" decoding=\"async\" class=\"alignnone size-medium wp-image-7895\" src=\"https:\/\/agora.xtec.cat\/iesacumella\/wp-content\/uploads\/usu1642\/2021\/05\/20210429_103929-300x300.jpg\" alt=\"\" width=\"300\" height=\"300\" srcset=\"https:\/\/agora.xtec.cat\/iesacumella\/wp-content\/uploads\/usu1642\/2021\/05\/20210429_103929-300x300.jpg 300w, https:\/\/agora.xtec.cat\/iesacumella\/wp-content\/uploads\/usu1642\/2021\/05\/20210429_103929-150x150.jpg 150w, https:\/\/agora.xtec.cat\/iesacumella\/wp-content\/uploads\/usu1642\/2021\/05\/20210429_103929-768x768.jpg 768w, https:\/\/agora.xtec.cat\/iesacumella\/wp-content\/uploads\/usu1642\/2021\/05\/20210429_103929-1024x1024.jpg 1024w, https:\/\/agora.xtec.cat\/iesacumella\/wp-content\/uploads\/usu1642\/2021\/05\/20210429_103929.jpg 1512w\" sizes=\"auto, (max-width: 300px) 100vw, 300px\" \/><\/a> <a href=\"https:\/\/agora.xtec.cat\/iesacumella\/wp-content\/uploads\/usu1642\/2021\/05\/20210429_105110.jpg\"><img loading=\"lazy\" decoding=\"async\" class=\"alignnone size-medium wp-image-7896\" src=\"https:\/\/agora.xtec.cat\/iesacumella\/wp-content\/uploads\/usu1642\/2021\/05\/20210429_105110-300x300.jpg\" alt=\"\" width=\"300\" height=\"300\" srcset=\"https:\/\/agora.xtec.cat\/iesacumella\/wp-content\/uploads\/usu1642\/2021\/05\/20210429_105110-300x300.jpg 300w, https:\/\/agora.xtec.cat\/iesacumella\/wp-content\/uploads\/usu1642\/2021\/05\/20210429_105110-150x150.jpg 150w, https:\/\/agora.xtec.cat\/iesacumella\/wp-content\/uploads\/usu1642\/2021\/05\/20210429_105110-768x768.jpg 768w, https:\/\/agora.xtec.cat\/iesacumella\/wp-content\/uploads\/usu1642\/2021\/05\/20210429_105110-1024x1024.jpg 1024w, https:\/\/agora.xtec.cat\/iesacumella\/wp-content\/uploads\/usu1642\/2021\/05\/20210429_105110.jpg 1512w\" sizes=\"auto, (max-width: 300px) 100vw, 300px\" \/><\/a><\/p>\n","protected":false},"excerpt":{"rendered":"<p>El passat dijous els alumnes de F\u00edsica i Qu\u00edmica de 4 d&#8217;ESO van fer una visita a la T\u00e8rmica de Roca Umbert per fer un taller sobre l&#8217;evoluci\u00f3 de fonts d&#8217;energia a la planta t\u00e8xtil que hi havia antigament a la f\u00e0brica i com van&hellip;  <a href=\"https:\/\/agora.xtec.cat\/iesacumella\/portada\/energia-a-la-termica-de-roca-umbert\/\" title=\"Read Energia a la T\u00e8rmica de Roca Umbert.\">Llegeix m\u00e9s\u00bb<\/a><\/p>\n","protected":false},"author":1,"featured_media":7895,"comment_status":"closed","ping_status":"closed","sticky":false,"template":"","format":"standard","meta":{"_bbp_topic_count":0,"_bbp_reply_count":0,"_bbp_total_topic_count":0,"_bbp_total_reply_count":0,"_bbp_voice_count":0,"_bbp_anonymous_reply_count":0,"_bbp_topic_count_hidden":0,"_bbp_reply_count_hidden":0,"_bbp_forum_subforum_count":0,"footnotes":""},"categories":[128,106,29],"tags":[],"class_list":["post-7889","post","type-post","status-publish","format-standard","has-post-thumbnail","hentry","category-4rt-eso","category-fisica-i-quimica","category-portada"],"post_mailing_queue_ids":[],"_links":{"self":[{"href":"https:\/\/agora.xtec.cat\/iesacumella\/wp-json\/wp\/v2\/posts\/7889","targetHints":{"allow":["GET"]}}],"collection":[{"href":"https:\/\/agora.xtec.cat\/iesacumella\/wp-json\/wp\/v2\/posts"}],"about":[{"href":"https:\/\/agora.xtec.cat\/iesacumella\/wp-json\/wp\/v2\/types\/post"}],"author":[{"embeddable":true,"href":"https:\/\/agora.xtec.cat\/iesacumella\/wp-json\/wp\/v2\/users\/1"}],"replies":[{"embeddable":true,"href":"https:\/\/agora.xtec.cat\/iesacumella\/wp-json\/wp\/v2\/comments?post=7889"}],"version-history":[{"count":1,"href":"https:\/\/agora.xtec.cat\/iesacumella\/wp-json\/wp\/v2\/posts\/7889\/revisions"}],"predecessor-version":[{"id":7897,"href":"https:\/\/agora.xtec.cat\/iesacumella\/wp-json\/wp\/v2\/posts\/7889\/revisions\/7897"}],"wp:featuredmedia":[{"embeddable":true,"href":"https:\/\/agora.xtec.cat\/iesacumella\/wp-json\/wp\/v2\/media\/7895"}],"wp:attachment":[{"href":"https:\/\/agora.xtec.cat\/iesacumella\/wp-json\/wp\/v2\/media?parent=7889"}],"wp:term":[{"taxonomy":"category","embeddable":true,"href":"https:\/\/agora.xtec.cat\/iesacumella\/wp-json\/wp\/v2\/categories?post=7889"},{"taxonomy":"post_tag","embeddable":true,"href":"https:\/\/agora.xtec.cat\/iesacumella\/wp-json\/wp\/v2\/tags?post=7889"}],"curies":[{"name":"wp","href":"https:\/\/api.w.org\/{rel}","templated":true}]}}