{"id":7887,"date":"2021-05-03T22:12:13","date_gmt":"2021-05-03T20:12:13","guid":{"rendered":"http:\/\/agora.xtec.cat\/iesacumella\/?p=7887"},"modified":"2021-05-03T22:12:13","modified_gmt":"2021-05-03T20:12:13","slug":"concurs-gust-per-la-lectura-2021-scratch","status":"publish","type":"post","link":"https:\/\/agora.xtec.cat\/iesacumella\/portada\/concurs-gust-per-la-lectura-2021-scratch\/","title":{"rendered":"Concurs Gust per la Lectura 2021: Scratch"},"content":{"rendered":"<p>T&#8217;has llegit \u00abEl malefici de la reina d&#8217;Hongria\u00bb?<\/p>\n<p>Comprova-ho <a href=\"https:\/\/scratch.mit.edu\/projects\/515470162\/\">en aquest <em>quiz<\/em><\/a> realitzat per Marc Bretcha, Marc L\u00f3pez, Miguel Lucena i Marc Cabr\u00e9 de 2n d&#8217;ESO! 15 preguntes aleat\u00f2ries a l&#8217;estil test acompanyades d&#8217;un compte enrere i un cor que es fa mal cada cop que falles!<\/p>\n","protected":false},"excerpt":{"rendered":"<p>T&#8217;has llegit \u00abEl malefici de la reina d&#8217;Hongria\u00bb?<br \/>\nComprova-ho <a href=\"https:\/\/scratch.mit.edu\/projects\/515470162\/\">en aquest quiz<\/a> realitzat per Marc Bretcha, Marc L\u00f3pez, Miguel Lucena i Marc Cabr\u00e9 de 2n d&#8217;ESO! 15 preguntes aleat\u00f2ries a l&#8217;estil test acompanyades d&#8217;un compte enrere i un cor que es fa mal cada cop&hellip;  <a href=\"https:\/\/agora.xtec.cat\/iesacumella\/portada\/concurs-gust-per-la-lectura-2021-scratch\/\" title=\"Read Concurs Gust per la Lectura 2021: Scratch\">Llegeix m\u00e9s\u00bb<\/a><\/p>\n","protected":false},"author":1,"featured_media":0,"comment_status":"closed","ping_status":"closed","sticky":false,"template":"","format":"standard","meta":{"_bbp_topic_count":0,"_bbp_reply_count":0,"_bbp_total_topic_count":0,"_bbp_total_reply_count":0,"_bbp_voice_count":0,"_bbp_anonymous_reply_count":0,"_bbp_topic_count_hidden":0,"_bbp_reply_count_hidden":0,"_bbp_forum_subforum_count":0,"footnotes":""},"categories":[126,111,29],"tags":[],"class_list":["post-7887","post","type-post","status-publish","format-standard","hentry","category-2n-eso","category-llengua-catalana","category-portada"],"post_mailing_queue_ids":[],"_links":{"self":[{"href":"https:\/\/agora.xtec.cat\/iesacumella\/wp-json\/wp\/v2\/posts\/7887","targetHints":{"allow":["GET"]}}],"collection":[{"href":"https:\/\/agora.xtec.cat\/iesacumella\/wp-json\/wp\/v2\/posts"}],"about":[{"href":"https:\/\/agora.xtec.cat\/iesacumella\/wp-json\/wp\/v2\/types\/post"}],"author":[{"embeddable":true,"href":"https:\/\/agora.xtec.cat\/iesacumella\/wp-json\/wp\/v2\/users\/1"}],"replies":[{"embeddable":true,"href":"https:\/\/agora.xtec.cat\/iesacumella\/wp-json\/wp\/v2\/comments?post=7887"}],"version-history":[{"count":1,"href":"https:\/\/agora.xtec.cat\/iesacumella\/wp-json\/wp\/v2\/posts\/7887\/revisions"}],"predecessor-version":[{"id":7888,"href":"https:\/\/agora.xtec.cat\/iesacumella\/wp-json\/wp\/v2\/posts\/7887\/revisions\/7888"}],"wp:attachment":[{"href":"https:\/\/agora.xtec.cat\/iesacumella\/wp-json\/wp\/v2\/media?parent=7887"}],"wp:term":[{"taxonomy":"category","embeddable":true,"href":"https:\/\/agora.xtec.cat\/iesacumella\/wp-json\/wp\/v2\/categories?post=7887"},{"taxonomy":"post_tag","embeddable":true,"href":"https:\/\/agora.xtec.cat\/iesacumella\/wp-json\/wp\/v2\/tags?post=7887"}],"curies":[{"name":"wp","href":"https:\/\/api.w.org\/{rel}","templated":true}]}}