{"id":7865,"date":"2021-04-29T10:31:50","date_gmt":"2021-04-29T08:31:50","guid":{"rendered":"http:\/\/agora.xtec.cat\/iesacumella\/?p=7865"},"modified":"2021-09-09T18:18:24","modified_gmt":"2021-09-09T16:18:24","slug":"preinscripcio-pel-curs-2021-2022-batxillerat","status":"publish","type":"post","link":"https:\/\/agora.xtec.cat\/iesacumella\/portada\/preinscripcio-pel-curs-2021-2022-batxillerat\/","title":{"rendered":"Preinscripci\u00f3 pel curs 2021-2022 (Batxillerat)"},"content":{"rendered":"<p>Tota la informaci\u00f3 al web de la Generalitat: <a href=\"https:\/\/preinscripcio.gencat.cat\/ca\/estudis\/batxillerat\/inici\/\">Preinscripci\u00f3 2021-2022 Batxillerat<\/a>.<\/p>\n<ul><!--\n \t\n\n<li>Documentaci\u00f3 per a la preinscripci\u00f3 (Batxillerat)<\/li>\n\n\n--><\/p>\n<li>Codi de centre: 08017931.<\/li>\n<\/ul>\n<table>\n<tbody>\n<tr>\n<td style=\"background-color: #b03bba; text-align: center;\" colspan=\"4\"><strong>Oferta de places curs 2021\u20132022<\/strong><\/td>\n<\/tr>\n<tr>\n<td style=\"text-align: center;\">1r de Batxillerat di\u00fcrn<\/td>\n<td style=\"text-align: center;\">2n de Batxillerat di\u00fcrn<\/td>\n<td style=\"text-align: center;\">1r de Batxillerat nocturn<\/td>\n<td style=\"text-align: center;\">2n de Batxillerat nocturn<\/td>\n<\/tr>\n<tr>\n<td style=\"text-align: center;\">34<\/td>\n<td style=\"text-align: center;\">8<\/td>\n<td style=\"text-align: center;\">14<\/td>\n<td style=\"text-align: center;\">29<\/td>\n<\/tr>\n<\/tbody>\n<\/table>\n<h2>Calendari<\/h2>\n<table style=\"height: 403px;\">\n<tbody>\n<tr style=\"height: 31px;\">\n<td style=\"height: 31px; width: 184.922px;\">22 i 26 d&#8217;abril<\/td>\n<td style=\"height: 31px; width: 572.078px;\"><a href=\"https:\/\/agora.xtec.cat\/iesacumella\/portada\/estudis\/batxillerat\/jornada-de-portes-obertes-batxillerat-2021-2022\/\">Portes obertes a l&#8217;Institut<\/a>.<\/td>\n<\/tr>\n<tr style=\"height: 31px;\">\n<td style=\"height: 31px; width: 184.922px;\">7 de maig<\/td>\n<td style=\"height: 31px; width: 572.078px;\">Oferta inicial de places escolars.<\/td>\n<\/tr>\n<tr style=\"height: 31px;\">\n<td style=\"height: 31px; width: 184.922px;\">De l&#8217;11 al 17 de maig<\/td>\n<td style=\"height: 31px; width: 572.078px;\"><a href=\"https:\/\/preinscripcio.gencat.cat\/ca\/estudis\/batxillerat\/inici\/\"><span style=\"color: black;\">Presentaci\u00f3 de sol\u00b7licituds<\/span><\/a>.<\/td>\n<\/tr>\n<tr style=\"height: 31px;\">\n<td style=\"height: 31px; width: 184.922px;\">18 de maig<\/td>\n<td style=\"height: 31px; width: 572.078px;\">Presentaci\u00f3 de la documentaci\u00f3.<\/td>\n<\/tr>\n<tr style=\"height: 31px;\">\n<td style=\"height: 31px; width: 184.922px;\">8 de juny<\/td>\n<td style=\"height: 31px; width: 572.078px;\"><a href=\"https:\/\/agora.xtec.cat\/iesacumella\/wp-content\/uploads\/usu1642\/2021\/04\/INFORME_BAREM_PROVISIONAL_BAREM.pdf\">Llista de sol\u00b7licituds amb puntuaci\u00f3 provisional<\/a>.<\/td>\n<\/tr>\n<tr style=\"height: 31px;\">\n<td style=\"height: 31px; width: 184.922px;\">Del 9 al 15 de juny<\/td>\n<td style=\"height: 31px; width: 572.078px;\">Presentaci\u00f3 de reclamacions.<\/td>\n<\/tr>\n<tr style=\"height: 31px;\">\n<td style=\"height: 31px; width: 184.922px;\">18 de juny<\/td>\n<td style=\"height: 31px; width: 572.078px;\">Llista de sol\u00b7licituds amb la puntuaci\u00f3 un cop resoltes les reclamacions.<\/td>\n<\/tr>\n<tr style=\"height: 31px;\">\n<td style=\"height: 31px; width: 184.922px;\">18 de juny<\/td>\n<td style=\"height: 31px; width: 572.078px;\">Sorteig per resoldre les sol\u00b7licituds de preinscripci\u00f3 empatades en punts.<\/td>\n<\/tr>\n<tr style=\"height: 31px;\">\n<td style=\"height: 31px; width: 184.922px;\">23 de juny<\/td>\n<td style=\"height: 31px; width: 572.078px;\"><a href=\"https:\/\/agora.xtec.cat\/iesacumella\/wp-content\/uploads\/usu1642\/2021\/04\/INFORME_BAREM_DEFINITIU_BAREM.pdf\">Llista ordenada definitiva<\/a><\/td>\n<\/tr>\n<tr style=\"height: 31px;\">\n<td style=\"height: 31px; width: 184.922px;\">7 de juliol<\/td>\n<td style=\"height: 31px; width: 572.078px;\">Oferta final de places escolars<\/td>\n<\/tr>\n<tr style=\"height: 31px;\">\n<td style=\"height: 31px; width: 184.922px; background-color: #b03bba;\">9 de juliol<\/td>\n<td style=\"height: 31px; width: 572.078px; background-color: #b03bba;\"><a href=\"https:\/\/agora.xtec.cat\/iesacumella\/wp-content\/uploads\/usu1642\/2021\/04\/INFORME_ASSIGNADES_INFORME_ASSIGNADES.pdf\"><span style=\"color: #000000;\">Llista d&#8217;alumnes admesos i llista d&#8217;espera<\/span><\/a><\/td>\n<\/tr>\n<tr style=\"height: 31px;\">\n<td style=\"height: 31px; width: 184.922px;\">Del 12 al 16 de juliol<\/td>\n<td style=\"height: 31px; width: 572.078px;\">Matriculaci\u00f3 ordin\u00e0ria<\/td>\n<\/tr>\n<tr style=\"height: 31px;\">\n<td style=\"height: 31px; width: 184.922px;\">Del 7 al 10 de setembre<\/td>\n<td style=\"height: 31px; width: 572.078px;\">Matriculaci\u00f3 extraordin\u00e0ria (alumnes pendents d&#8217;avaluaci\u00f3 al setembre)<\/td>\n<\/tr>\n<\/tbody>\n<\/table>\n<p>M\u00e9s informaci\u00f3 <a href=\"https:\/\/preinscripcio.gencat.cat\/ca\/estudis\/batxillerat\/informat\/calendari\/\">aqu\u00ed<\/a>.<\/p>\n<h2>Documentaci\u00f3<\/h2>\n<p>M\u00e9s informaci\u00f3 <a href=\"https:\/\/preinscripcio.gencat.cat\/ca\/estudis\/batxillerat\/informat\/prepara-documentacio\/\">aqu\u00ed<\/a>.<\/p>\n<h2>Presentaci\u00f3 de la sol\u00b7licitud<\/h2>\n<p>A partir d&#8217;aquest curs, totes les sol\u00b7licituds s\u00f3n en format telem\u00e0tic <a href=\"https:\/\/preinscripcio.gencat.cat\/ca\/estudis\/batxillerat\/inici\/\">aqu\u00ed<\/a>.<\/p>\n<ul>\n<li>Cal disposar d&#8217;un certificat digital o crear-ne un. <a href=\"https:\/\/agora.xtec.cat\/iesacumella\/wp-content\/uploads\/usu1642\/2021\/03\/Preinscripci\u00f3-ESO-2021-2022.pdf\">M\u00e9s informaci\u00f3 aqu\u00ed<\/a>.<\/li>\n<li>En cas de no poder fer la preinscripci\u00f3 telem\u00e0tica, podeu sol\u00b7licitar cita pr\u00e8via (al tel\u00e8fon 93 516 3896 o al correu <a href=\"mailto:secretaria@iesacumella.cat\">secretaria@iesacumella.cat<\/a>) i us ajudarem a fer el tr\u00e0mit des d&#8217;un ordinador del centre. En aquest cas cal portar tota la documentaci\u00f3 necess\u00e0ria, la targeta sanit\u00e0ria i el tel\u00e8fon m\u00f2bil.<\/li>\n<\/ul>\n<h2>Llista de sol\u00b7licituds amb puntuaci\u00f3 provisional<\/h2>\n<ul>\n<li><a href=\"https:\/\/agora.xtec.cat\/iesacumella\/wp-content\/uploads\/usu1642\/2021\/04\/INFORME_BAREM_PROVISIONAL_BAREM.pdf\">Llista de sol\u00b7licituds amb puntuaci\u00f3 provisional<\/a><\/li>\n<\/ul>\n<h2>Llista ordenada definitiva<\/h2>\n<ul>\n<li><a href=\"https:\/\/agora.xtec.cat\/iesacumella\/wp-content\/uploads\/usu1642\/2021\/04\/INFORME_BAREM_DEFINITIU_BAREM.pdf\">Llista ordenada definitiva<\/a><\/li>\n<\/ul>\n<h2>Llista d&#8217;alumnes admesos i llista d&#8217;espera<\/h2>\n<ul>\n<li><a href=\"https:\/\/agora.xtec.cat\/iesacumella\/wp-content\/uploads\/usu1642\/2021\/04\/INFORME_ASSIGNADES_INFORME_ASSIGNADES.pdf\">Llista d&#8217;alumnes admesos i llista d&#8217;espera<\/a><\/li>\n<\/ul>\n","protected":false},"excerpt":{"rendered":"<p>Tota la informaci\u00f3 al web de la Generalitat: <a href=\"https:\/\/preinscripcio.gencat.cat\/ca\/estudis\/batxillerat\/inici\/\">Preinscripci\u00f3 2021-2022 Batxillerat<\/a>.<\/p>\n<ul>\n<li>Codi de centre: 08017931.<\/li>\n<\/ul>\n<p>Oferta de places curs 2021\u20132022<\/p>\n<p>1r de Batxillerat di\u00fcrn<br \/>\n2n de Batxillerat di\u00fcrn<br \/>\n1r de Batxillerat nocturn<br \/>\n2n de Batxillerat nocturn<\/p>\n<p>34<br \/>\n8<br \/>\n14<br \/>\n29<\/p>\n<p>Calendari<\/p>\n<p>22 i 26 d&#8217;abril<br \/>\n<a href=\"https:\/\/agora.xtec.cat\/iesacumella\/portada\/estudis\/batxillerat\/jornada-de-portes-obertes-batxillerat-2021-2022\/\">Portes obertes a l&#8217;Institut<\/a>.<\/p>\n<p>7 de maig<br \/>\nOferta inicial de places escolars.<\/p>\n<p>De l&#8217;11&hellip;  <a href=\"https:\/\/agora.xtec.cat\/iesacumella\/portada\/preinscripcio-pel-curs-2021-2022-batxillerat\/\" title=\"Read Preinscripci\u00f3 pel curs 2021-2022 (Batxillerat)\">Llegeix m\u00e9s\u00bb<\/a><\/p>\n","protected":false},"author":1,"featured_media":0,"comment_status":"closed","ping_status":"closed","sticky":false,"template":"","format":"standard","meta":{"_bbp_topic_count":0,"_bbp_reply_count":0,"_bbp_total_topic_count":0,"_bbp_total_reply_count":0,"_bbp_voice_count":0,"_bbp_anonymous_reply_count":0,"_bbp_topic_count_hidden":0,"_bbp_reply_count_hidden":0,"_bbp_forum_subforum_count":0,"footnotes":""},"categories":[145,29],"tags":[],"class_list":["post-7865","post","type-post","status-publish","format-standard","hentry","category-batxillerat-diurn","category-portada"],"post_mailing_queue_ids":[],"_links":{"self":[{"href":"https:\/\/agora.xtec.cat\/iesacumella\/wp-json\/wp\/v2\/posts\/7865","targetHints":{"allow":["GET"]}}],"collection":[{"href":"https:\/\/agora.xtec.cat\/iesacumella\/wp-json\/wp\/v2\/posts"}],"about":[{"href":"https:\/\/agora.xtec.cat\/iesacumella\/wp-json\/wp\/v2\/types\/post"}],"author":[{"embeddable":true,"href":"https:\/\/agora.xtec.cat\/iesacumella\/wp-json\/wp\/v2\/users\/1"}],"replies":[{"embeddable":true,"href":"https:\/\/agora.xtec.cat\/iesacumella\/wp-json\/wp\/v2\/comments?post=7865"}],"version-history":[{"count":4,"href":"https:\/\/agora.xtec.cat\/iesacumella\/wp-json\/wp\/v2\/posts\/7865\/revisions"}],"predecessor-version":[{"id":7909,"href":"https:\/\/agora.xtec.cat\/iesacumella\/wp-json\/wp\/v2\/posts\/7865\/revisions\/7909"}],"wp:attachment":[{"href":"https:\/\/agora.xtec.cat\/iesacumella\/wp-json\/wp\/v2\/media?parent=7865"}],"wp:term":[{"taxonomy":"category","embeddable":true,"href":"https:\/\/agora.xtec.cat\/iesacumella\/wp-json\/wp\/v2\/categories?post=7865"},{"taxonomy":"post_tag","embeddable":true,"href":"https:\/\/agora.xtec.cat\/iesacumella\/wp-json\/wp\/v2\/tags?post=7865"}],"curies":[{"name":"wp","href":"https:\/\/api.w.org\/{rel}","templated":true}]}}