{"id":785,"date":"2013-05-26T23:09:27","date_gmt":"2013-05-26T22:09:27","guid":{"rendered":"http:\/\/blog.iesacumella.cat\/?p=785"},"modified":"2013-05-26T23:09:27","modified_gmt":"2013-05-26T22:09:27","slug":"lipdub-contra-les-retallades","status":"publish","type":"post","link":"https:\/\/agora.xtec.cat\/iesacumella\/portada\/general\/lipdub-contra-les-retallades\/","title":{"rendered":"LipDub contra les retallades"},"content":{"rendered":"<p><!--:ca-->El departament d&#8217;ensenyament de la Generalitat de Catalunya ha decretat el tancament de set centres i la supressi\u00f3 de 61 l\u00ednies escolars, entre elles una l\u00ednia d&#8217;ESO a Granollers.<\/p>\n<p>En aquest municipi hi ha 358 alumnes matriculats a 6\u00e9 de prim\u00e0ria i l&#8217;Administraci\u00f3 nom\u00e9s ofereix 300 places p\u00fabliques de primer d&#8217;ESO. Aix\u00f2 obliga a nombroses fam\u00edlies a matricular els seus fills\/es a la concertada, en un municipi on ja el 60% de les places de secund\u00e0ria s&#8217;atoguen a centres concertats. Aquesta decisi\u00f3 comporta conseq\u00fc\u00e8ncies nefastes per l&#8217;escola p\u00fablica. I davant d&#8217;aix\u00f2 la resposta de les autoritats pol\u00edtques no \u00e9s gens contundent. Qu\u00e8 fa l&#8217;ajuntament de Granollers??<\/p>\n<p>L&#8217;alumnat i professorat de l&#8217;IES Antoni Cumella seguim lluitant per una educaci\u00f3 P\u00daBLICA I DE QUALITAT. NI RETALLADES, NI WERT, NI RIGAU. LLUITA AMB NOSALTRES, DESPERTA!!<\/p>\n<p><a title=\"Lipdup contra les retallades de l'INS Antoni Cumella\" href=\"http:\/\/www.youtube.com\/watch?feature=player_detailpage&amp;v=njNZyau1r9c\" target=\"_blank\">Video del LipDup contra les retallades de l&#8217;INS Antoni Cumella<\/a><\/p>\n<p><iframe loading=\"lazy\" src=\"http:\/\/www.youtube.com\/embed\/njNZyau1r9c\" height=\"360\" width=\"640\" allowfullscreen=\"\" frameborder=\"0\"><\/iframe><!--:--><\/p>\n","protected":false},"excerpt":{"rendered":"<p>El departament d&#8217;ensenyament de la Generalitat de Catalunya ha decretat el tancament de set centres i la supressi\u00f3 de 61 l\u00ednies escolars, entre elles una l\u00ednia d&#8217;ESO a Granollers.<br \/>\nEn aquest municipi hi ha 358 alumnes matriculats a 6\u00e9 de prim\u00e0ria i l&#8217;Administraci\u00f3 nom\u00e9s ofereix 300&hellip;  <a href=\"https:\/\/agora.xtec.cat\/iesacumella\/portada\/general\/lipdub-contra-les-retallades\/\" title=\"Read LipDub contra les retallades\">Llegeix m\u00e9s\u00bb<\/a><\/p>\n","protected":false},"author":1,"featured_media":787,"comment_status":"closed","ping_status":"closed","sticky":false,"template":"","format":"standard","meta":{"_bbp_topic_count":0,"_bbp_reply_count":0,"_bbp_total_topic_count":0,"_bbp_total_reply_count":0,"_bbp_voice_count":0,"_bbp_anonymous_reply_count":0,"_bbp_topic_count_hidden":0,"_bbp_reply_count_hidden":0,"_bbp_forum_subforum_count":0,"footnotes":""},"categories":[1],"tags":[],"class_list":["post-785","post","type-post","status-publish","format-standard","has-post-thumbnail","hentry","category-general"],"post_mailing_queue_ids":[],"_links":{"self":[{"href":"https:\/\/agora.xtec.cat\/iesacumella\/wp-json\/wp\/v2\/posts\/785","targetHints":{"allow":["GET"]}}],"collection":[{"href":"https:\/\/agora.xtec.cat\/iesacumella\/wp-json\/wp\/v2\/posts"}],"about":[{"href":"https:\/\/agora.xtec.cat\/iesacumella\/wp-json\/wp\/v2\/types\/post"}],"author":[{"embeddable":true,"href":"https:\/\/agora.xtec.cat\/iesacumella\/wp-json\/wp\/v2\/users\/1"}],"replies":[{"embeddable":true,"href":"https:\/\/agora.xtec.cat\/iesacumella\/wp-json\/wp\/v2\/comments?post=785"}],"version-history":[{"count":0,"href":"https:\/\/agora.xtec.cat\/iesacumella\/wp-json\/wp\/v2\/posts\/785\/revisions"}],"wp:featuredmedia":[{"embeddable":true,"href":"https:\/\/agora.xtec.cat\/iesacumella\/wp-json\/wp\/v2\/media\/787"}],"wp:attachment":[{"href":"https:\/\/agora.xtec.cat\/iesacumella\/wp-json\/wp\/v2\/media?parent=785"}],"wp:term":[{"taxonomy":"category","embeddable":true,"href":"https:\/\/agora.xtec.cat\/iesacumella\/wp-json\/wp\/v2\/categories?post=785"},{"taxonomy":"post_tag","embeddable":true,"href":"https:\/\/agora.xtec.cat\/iesacumella\/wp-json\/wp\/v2\/tags?post=785"}],"curies":[{"name":"wp","href":"https:\/\/api.w.org\/{rel}","templated":true}]}}