{"id":7750,"date":"2021-03-04T10:21:37","date_gmt":"2021-03-04T09:21:37","guid":{"rendered":"http:\/\/agora.xtec.cat\/iesacumella\/?p=7750"},"modified":"2021-06-22T11:05:46","modified_gmt":"2021-06-22T09:05:46","slug":"preinscripcio-pel-curs-2021-2022-eso","status":"publish","type":"post","link":"https:\/\/agora.xtec.cat\/iesacumella\/portada\/general\/preinscripcio-pel-curs-2021-2022-eso\/","title":{"rendered":"Preinscripci\u00f3 pel curs 2021-2022 (ESO)"},"content":{"rendered":"<p>Tota la informaci\u00f3 al web de la Generalitat: <a href=\"https:\/\/preinscripcio.gencat.cat\/ca\/estudis\/eso\/inici\/\">Preinscripci\u00f3 2021-2022 Educaci\u00f3 secund\u00e0ria obligat\u00f2ria (ESO)<\/a>.<\/p>\n<p>Documents de centre:<\/p>\n<ul>\n<li><a href=\"https:\/\/agora.xtec.cat\/iesacumella\/wp-content\/uploads\/usu1642\/2021\/03\/Preinscripci\u00f3-ESO-2021-2022.pdf\">Documentaci\u00f3 per a la preinscripci\u00f3 (ESO)<\/a><\/li>\n<li><a href=\"https:\/\/agora.xtec.cat\/iesacumella\/wp-content\/uploads\/usu1642\/2021\/03\/guia-preinscripcio.pdf\">Guia per a la preinscripci\u00f3 en l\u00ednia i matr\u00edcula del curs 2021-2022<\/a><\/li>\n<\/ul>\n<p>Codi de centre: 08017931.<\/p>\n<table>\n<tbody>\n<tr>\n<td style=\"background-color: #b03bba; text-align: center;\" colspan=\"4\"><strong>Oferta de places curs 2021\u20132022<\/strong><\/td>\n<\/tr>\n<tr>\n<td style=\"text-align: center;\">1r d&#8217;ESO<\/td>\n<td style=\"text-align: center;\">2n d&#8217;ESO<\/td>\n<td style=\"text-align: center;\">3r d&#8217;ESO<\/td>\n<td style=\"text-align: center;\">4t d&#8217;ESO<\/td>\n<\/tr>\n<tr>\n<td style=\"text-align: center;\">97<\/td>\n<td style=\"text-align: center;\">0<\/td>\n<td style=\"text-align: center;\">0<\/td>\n<td style=\"text-align: center;\">0<\/td>\n<\/tr>\n<\/tbody>\n<\/table>\n<h2>Calendari<\/h2>\n<table style=\"height: 434px;\">\n<tbody>\n<tr style=\"height: 31px;\">\n<td style=\"height: 31px; width: 187px;\">10 i 13 de febrer<\/td>\n<td style=\"height: 31px; width: 581px;\"><a href=\"https:\/\/agora.xtec.cat\/iesacumella\/portada\/general\/jornada-de-portes-obertes-eso-2021-2022\/\">Portes obertes a l&#8217;Institut<\/a>.<\/td>\n<\/tr>\n<tr style=\"height: 31px;\">\n<td style=\"height: 31px; width: 187px;\">11 de mar\u00e7<\/td>\n<td style=\"height: 31px; width: 581px;\">Oferta inicial de places escolars.<\/td>\n<\/tr>\n<tr style=\"height: 31px;\">\n<td style=\"height: 31px; width: 187px;\">Del 17 al 24 de mar\u00e7<\/td>\n<td style=\"height: 31px; width: 581px;\"><a href=\"https:\/\/preinscripcio.gencat.cat\/ca\/estudis\/eso\/inici\/\">Presentaci\u00f3 de<\/a><a href=\"https:\/\/preinscripcio.gencat.cat\/ca\/estudis\/eso\/inici\/\"> sol\u00b7lic<\/a><a href=\"https:\/\/preinscripcio.gencat.cat\/ca\/estudis\/eso\/inici\/\">ituds<\/a>.<\/td>\n<\/tr>\n<tr style=\"height: 31px;\">\n<td style=\"height: 31px; width: 187px;\">25 i 26 de mar\u00e7<\/td>\n<td style=\"height: 31px; width: 581px;\">Presentaci\u00f3 de la documentaci\u00f3.<\/td>\n<\/tr>\n<tr style=\"height: 31px;\">\n<td style=\"height: 31px; width: 187px;\">19 d&#8217;abril<\/td>\n<td style=\"height: 31px; width: 581px;\"><a href=\"https:\/\/agora.xtec.cat\/iesacumella\/wp-content\/uploads\/usu1642\/2021\/03\/ESO-2021-2022-Puntuacio-provisional.pdf\">Llista de sol\u00b7licituds amb puntuaci\u00f3 provisional<\/a><\/td>\n<\/tr>\n<tr style=\"height: 31px;\">\n<td style=\"height: 31px; width: 187px;\">Del 20 al 26 d&#8217;abril<\/td>\n<td style=\"height: 31px; width: 581px;\"><a href=\"https:\/\/preinscripcio.gencat.cat\/ca\/estudis\/eso\/preinscriute\/seguiment-sollicitud\/llista-sollicituds\/\">Presentaci\u00f3 de reclamacions<\/a>.<\/td>\n<\/tr>\n<tr style=\"height: 31px;\">\n<td style=\"height: 31px; width: 187px;\">30 d&#8217;abril<\/td>\n<td style=\"height: 31px; width: 581px;\">Llista de sol\u00b7licituds amb la puntuaci\u00f3 un cop resoltes les reclamacions.<\/td>\n<\/tr>\n<tr style=\"height: 31px;\">\n<td style=\"height: 31px; width: 187px;\">5 de maig<\/td>\n<td style=\"height: 31px; width: 581px;\">Sorteig per resoldre les sol\u00b7licituds de preinscripci\u00f3 empatades en punts.<\/td>\n<\/tr>\n<tr style=\"height: 31px;\">\n<td style=\"height: 31px; width: 187px;\">7 de maig<\/td>\n<td style=\"height: 31px; width: 581px;\"><a href=\"https:\/\/agora.xtec.cat\/iesacumella\/wp-content\/uploads\/usu1642\/2021\/03\/Llista-definitiva-sorteig-ESO-2122.pdf\">Llista ordenada definitiva<\/a><\/td>\n<\/tr>\n<tr style=\"height: 31px;\">\n<td style=\"height: 31px; width: 187px;\">Del 26 al 28 de maig<\/td>\n<td style=\"height: 31px; width: 581px;\">Ampliaci\u00f3 de peticions de preinscripci\u00f3 per a alumnes sense pla\u00e7a assignada a cap centre<\/td>\n<\/tr>\n<tr style=\"height: 31px;\">\n<td style=\"height: 31px; width: 187px;\">4 de juny<\/td>\n<td style=\"height: 31px; width: 581px;\"><a href=\"https:\/\/agora.xtec.cat\/iesacumella\/wp-content\/uploads\/usu1642\/2021\/03\/INFORME_OFERTA_OME.pdf\">Oferta final de places escolars<\/a><\/td>\n<\/tr>\n<tr style=\"height: 31px;\">\n<td style=\"height: 31px; width: 187px; background-color: #b03bba;\">7 de juny<\/td>\n<td style=\"height: 31px; width: 581px; background-color: #b03bba;\"><a href=\"https:\/\/agora.xtec.cat\/iesacumella\/wp-content\/uploads\/usu1642\/2021\/03\/INFORME_ASSIGNADES_INFORME_ASSIGNADES.pdf\"><span style=\"color: #000000;\">Llista d&#8217;alumnes admesos<\/span><\/a> i <a href=\"https:\/\/agora.xtec.cat\/iesacumella\/wp-content\/uploads\/usu1642\/2021\/03\/INFORME_LLISTA_ESPERA_OME_LLISTA_ESPERA.pdf\"><span style=\"color: #000000;\">llista d&#8217;espera<\/span><\/a><\/td>\n<\/tr>\n<tr style=\"height: 31px;\">\n<td style=\"height: 31px; width: 187px;\">Del 14 al 18 de juny<\/td>\n<td style=\"height: 31px; width: 581px;\"><a href=\"https:\/\/agora.xtec.cat\/iesacumella\/portada\/estudis\/eso\/matricula-pel-curs-2021-2022-eso\/\">Matriculaci\u00f3 1r d&#8217;ESO<\/a><\/td>\n<\/tr>\n<tr style=\"height: 31px;\">\n<td style=\"height: 31px; width: 187px;\">Del 28 de juny al 2 de juliol<\/td>\n<td style=\"height: 31px; width: 581px;\">Matriculaci\u00f3 2n, 3r i 4t d&#8217;ESO<\/td>\n<\/tr>\n<\/tbody>\n<\/table>\n<p>M\u00e9s informaci\u00f3 <a href=\"https:\/\/preinscripcio.gencat.cat\/ca\/estudis\/eso\/informat\/calendari\/\">aqu\u00ed<\/a>.<\/p>\n<h2>Documentaci\u00f3<\/h2>\n<p>M\u00e9s informaci\u00f3 <a href=\"https:\/\/preinscripcio.gencat.cat\/ca\/estudis\/eso\/informat\/prepara-documentacio\/\">aqu\u00ed<\/a>.<\/p>\n<h2>Presentaci\u00f3 de la sol\u00b7licitud<\/h2>\n<p>A partir d&#8217;aquest curs, totes les sol\u00b7licituds s\u00f3n en format telem\u00e0tic <a href=\"https:\/\/preinscripcio.gencat.cat\/ca\/estudis\/eso\/inici\/\">aqu\u00ed<\/a>.<\/p>\n<ul>\n<li>Cal disposar d&#8217;un certificat digital o crear-ne un. <a href=\"https:\/\/agora.xtec.cat\/iesacumella\/wp-content\/uploads\/usu1642\/2021\/03\/Preinscripci\u00f3-ESO-2021-2022.pdf\">M\u00e9s informaci\u00f3 aqu\u00ed<\/a>.<\/li>\n<li>En cas de no poder fer la preinscripci\u00f3 telem\u00e0tica, podeu sol\u00b7licitar cita pr\u00e8via (al tel\u00e8fon 93 516 3896 o al correu <a href=\"mailto:secretaria@iesacumella.cat\">secretaria@iesacumella.cat<\/a>) i us ajudarem a fer el tr\u00e0mit des d&#8217;un ordinador del centre. En aquest cas cal portar tota la documentaci\u00f3 necess\u00e0ria, la targeta sanit\u00e0ria i el tel\u00e8fon m\u00f2bil.<\/li>\n<\/ul>\n<h2>Llista de sol\u00b7licituds amb puntuaci\u00f3 provisional<\/h2>\n<ul>\n<li><a href=\"https:\/\/agora.xtec.cat\/iesacumella\/wp-content\/uploads\/usu1642\/2021\/03\/ESO-2021-2022-Puntuacio-provisional.pdf\">Llista de sol\u00b7licituds amb puntuaci\u00f3 provisional<\/a><\/li>\n<\/ul>\n<h2>Llista de sol\u00b7licituds amb la puntuaci\u00f3 un cop resoltes les reclamacions<\/h2>\n<ul>\n<li><a href=\"https:\/\/agora.xtec.cat\/iesacumella\/wp-content\/uploads\/usu1642\/2021\/03\/Llista-definitiva-barem-ESO-2122.pdf\">Llista de sol\u00b7licituds amb la puntuaci\u00f3 un cop resoltes les reclamacions<\/a><\/li>\n<\/ul>\n<h2>Llista ordenada definitiva<\/h2>\n<ul>\n<li><a href=\"https:\/\/agora.xtec.cat\/iesacumella\/wp-content\/uploads\/usu1642\/2021\/03\/Llista-definitiva-sorteig-ESO-2122.pdf\">Llista ordenada definitiva<\/a><\/li>\n<\/ul>\n<h2>Llista d&#8217;admesos i llista d&#8217;espera<\/h2>\n<ul>\n<li><a href=\"https:\/\/agora.xtec.cat\/iesacumella\/wp-content\/uploads\/usu1642\/2021\/03\/INFORME_ASSIGNADES_INFORME_ASSIGNADES.pdf\">Llista d&#8217;admesos<\/a><\/li>\n<li><a href=\"https:\/\/agora.xtec.cat\/iesacumella\/wp-content\/uploads\/usu1642\/2021\/03\/INFORME_LLISTA_ESPERA_OME_LLISTA_ESPERA.pdf\">Llista d&#8217;espera<\/a><\/li>\n<li><a href=\"https:\/\/agora.xtec.cat\/iesacumella\/wp-content\/uploads\/usu1642\/2021\/03\/INFORME_PREINSCRITES_OME_INFORME_PREINSCRITES_OME.pdf\">Llista de preinscripci\u00f3<\/a><\/li>\n<\/ul>\n","protected":false},"excerpt":{"rendered":"<p>Tota la informaci\u00f3 al web de la Generalitat: <a href=\"https:\/\/preinscripcio.gencat.cat\/ca\/estudis\/eso\/inici\/\">Preinscripci\u00f3 2021-2022 Educaci\u00f3 secund\u00e0ria obligat\u00f2ria (ESO)<\/a>.<br \/>\nDocuments de centre:<\/p>\n<ul>\n<li><a href=\"https:\/\/agora.xtec.cat\/iesacumella\/wp-content\/uploads\/usu1642\/2021\/03\/Preinscripci\u00f3-ESO-2021-2022.pdf\">Documentaci\u00f3 per a la preinscripci\u00f3 (ESO)<\/a><\/li>\n<li><a href=\"https:\/\/agora.xtec.cat\/iesacumella\/wp-content\/uploads\/usu1642\/2021\/03\/guia-preinscripcio.pdf\">Guia per a la preinscripci\u00f3 en l\u00ednia i matr\u00edcula del curs 2021-2022<\/a><\/li>\n<\/ul>\n<p>Codi de centre: 08017931.<\/p>\n<p>Oferta de places curs 2021\u20132022<\/p>\n<p>1r d&#8217;ESO<br \/>\n2n d&#8217;ESO<br \/>\n3r d&#8217;ESO<br \/>\n4t&hellip;  <a href=\"https:\/\/agora.xtec.cat\/iesacumella\/portada\/general\/preinscripcio-pel-curs-2021-2022-eso\/\" title=\"Read Preinscripci\u00f3 pel curs 2021-2022 (ESO)\">Llegeix m\u00e9s\u00bb<\/a><\/p>\n","protected":false},"author":1,"featured_media":0,"comment_status":"closed","ping_status":"closed","sticky":false,"template":"","format":"standard","meta":{"_bbp_topic_count":0,"_bbp_reply_count":0,"_bbp_total_topic_count":0,"_bbp_total_reply_count":0,"_bbp_voice_count":0,"_bbp_anonymous_reply_count":0,"_bbp_topic_count_hidden":0,"_bbp_reply_count_hidden":0,"_bbp_forum_subforum_count":0,"footnotes":""},"categories":[3,1,29],"tags":[],"class_list":["post-7750","post","type-post","status-publish","format-standard","hentry","category-eso","category-general","category-portada"],"post_mailing_queue_ids":[],"_links":{"self":[{"href":"https:\/\/agora.xtec.cat\/iesacumella\/wp-json\/wp\/v2\/posts\/7750","targetHints":{"allow":["GET"]}}],"collection":[{"href":"https:\/\/agora.xtec.cat\/iesacumella\/wp-json\/wp\/v2\/posts"}],"about":[{"href":"https:\/\/agora.xtec.cat\/iesacumella\/wp-json\/wp\/v2\/types\/post"}],"author":[{"embeddable":true,"href":"https:\/\/agora.xtec.cat\/iesacumella\/wp-json\/wp\/v2\/users\/1"}],"replies":[{"embeddable":true,"href":"https:\/\/agora.xtec.cat\/iesacumella\/wp-json\/wp\/v2\/comments?post=7750"}],"version-history":[{"count":4,"href":"https:\/\/agora.xtec.cat\/iesacumella\/wp-json\/wp\/v2\/posts\/7750\/revisions"}],"predecessor-version":[{"id":7968,"href":"https:\/\/agora.xtec.cat\/iesacumella\/wp-json\/wp\/v2\/posts\/7750\/revisions\/7968"}],"wp:attachment":[{"href":"https:\/\/agora.xtec.cat\/iesacumella\/wp-json\/wp\/v2\/media?parent=7750"}],"wp:term":[{"taxonomy":"category","embeddable":true,"href":"https:\/\/agora.xtec.cat\/iesacumella\/wp-json\/wp\/v2\/categories?post=7750"},{"taxonomy":"post_tag","embeddable":true,"href":"https:\/\/agora.xtec.cat\/iesacumella\/wp-json\/wp\/v2\/tags?post=7750"}],"curies":[{"name":"wp","href":"https:\/\/api.w.org\/{rel}","templated":true}]}}