{"id":7745,"date":"2021-02-17T18:25:31","date_gmt":"2021-02-17T17:25:31","guid":{"rendered":"http:\/\/agora.xtec.cat\/iesacumella\/?p=7745"},"modified":"2021-02-26T14:11:05","modified_gmt":"2021-02-26T13:11:05","slug":"100tifiques-dr-monica-mir","status":"publish","type":"post","link":"https:\/\/agora.xtec.cat\/iesacumella\/portada\/100tifiques-dr-monica-mir\/","title":{"rendered":"#100tifiques: Dr. M\u00f2nica Mir"},"content":{"rendered":"<p>\u00ab<a href=\"https:\/\/100tifiques.cat\/\">100t\u00edfiques<\/a>\u00bb<span style=\"color: black; letter-spacing: 0.4pt;\"> \u00e9s un acte celebrat en coincid\u00e8ncia amb l&#8217;11 de febrer, el <strong>Dia Internacional de les Dones i les Nenes en la Ci\u00e8ncia<\/strong>. \u00c9s una iniciativa de la Fundaci\u00f3 Catalana per a la Recerca i la Innovaci\u00f3 (FCRI) i el Barcelona Institute for Science and Technology (BIST), amb la col\u00b7laboraci\u00f3 del Departament d\u2019Educaci\u00f3 de la Generalitat de Catalunya.<\/span><\/p>\n<p>Enguany els alumnes de 1ESO han contactat en directe amb la Dr. M\u00f2nica Mir, investigadora de l&#8217;Institute for Bioengineering of Catalonia del Parc Cient\u00edfic de Barcelona, que ens ha ofert una xerrada centrada en la seva traject\u00f2ria professional i personal.<\/p>\n<p><a href=\"https:\/\/agora.xtec.cat\/iesacumella\/wp-content\/uploads\/usu1642\/2021\/02\/20210211_115528.jpg\"><img loading=\"lazy\" decoding=\"async\" class=\"alignnone size-medium wp-image-7746\" src=\"https:\/\/agora.xtec.cat\/iesacumella\/wp-content\/uploads\/usu1642\/2021\/02\/20210211_115528-300x196.jpg\" alt=\"\" width=\"300\" height=\"196\" srcset=\"https:\/\/agora.xtec.cat\/iesacumella\/wp-content\/uploads\/usu1642\/2021\/02\/20210211_115528-300x196.jpg 300w, https:\/\/agora.xtec.cat\/iesacumella\/wp-content\/uploads\/usu1642\/2021\/02\/20210211_115528-768x503.jpg 768w, https:\/\/agora.xtec.cat\/iesacumella\/wp-content\/uploads\/usu1642\/2021\/02\/20210211_115528-1024x670.jpg 1024w, https:\/\/agora.xtec.cat\/iesacumella\/wp-content\/uploads\/usu1642\/2021\/02\/20210211_115528.jpg 1158w\" sizes=\"auto, (max-width: 300px) 100vw, 300px\" \/><\/a> <a href=\"https:\/\/agora.xtec.cat\/iesacumella\/wp-content\/uploads\/usu1642\/2021\/02\/20210211_113636.jpg\"><img loading=\"lazy\" decoding=\"async\" class=\"alignnone size-medium wp-image-7747\" src=\"https:\/\/agora.xtec.cat\/iesacumella\/wp-content\/uploads\/usu1642\/2021\/02\/20210211_113636-142x300.jpg\" alt=\"\" width=\"142\" height=\"300\" srcset=\"https:\/\/agora.xtec.cat\/iesacumella\/wp-content\/uploads\/usu1642\/2021\/02\/20210211_113636-142x300.jpg 142w, https:\/\/agora.xtec.cat\/iesacumella\/wp-content\/uploads\/usu1642\/2021\/02\/20210211_113636-768x1623.jpg 768w, https:\/\/agora.xtec.cat\/iesacumella\/wp-content\/uploads\/usu1642\/2021\/02\/20210211_113636-485x1024.jpg 485w, https:\/\/agora.xtec.cat\/iesacumella\/wp-content\/uploads\/usu1642\/2021\/02\/20210211_113636.jpg 954w\" sizes=\"auto, (max-width: 142px) 100vw, 142px\" \/><\/a><\/p>\n","protected":false},"excerpt":{"rendered":"<p>\u00ab<a href=\"https:\/\/100tifiques.cat\/\">100t\u00edfiques<\/a>\u00bb \u00e9s un acte celebrat en coincid\u00e8ncia amb l&#8217;11 de febrer, el Dia Internacional de les Dones i les Nenes en la Ci\u00e8ncia. \u00c9s una iniciativa de la Fundaci\u00f3 Catalana per a la Recerca i la Innovaci\u00f3 (FCRI) i el Barcelona Institute for Science&hellip;  <a href=\"https:\/\/agora.xtec.cat\/iesacumella\/portada\/100tifiques-dr-monica-mir\/\" title=\"Read #100tifiques: Dr. M\u00f2nica Mir\">Llegeix m\u00e9s\u00bb<\/a><\/p>\n","protected":false},"author":1,"featured_media":0,"comment_status":"closed","ping_status":"closed","sticky":false,"template":"","format":"standard","meta":{"_bbp_topic_count":0,"_bbp_reply_count":0,"_bbp_total_topic_count":0,"_bbp_total_reply_count":0,"_bbp_voice_count":0,"_bbp_anonymous_reply_count":0,"_bbp_topic_count_hidden":0,"_bbp_reply_count_hidden":0,"_bbp_forum_subforum_count":0,"footnotes":""},"categories":[125,130,106,29],"tags":[],"class_list":["post-7745","post","type-post","status-publish","format-standard","hentry","category-1r-eso","category-ciencies-naturals","category-fisica-i-quimica","category-portada"],"post_mailing_queue_ids":[],"_links":{"self":[{"href":"https:\/\/agora.xtec.cat\/iesacumella\/wp-json\/wp\/v2\/posts\/7745","targetHints":{"allow":["GET"]}}],"collection":[{"href":"https:\/\/agora.xtec.cat\/iesacumella\/wp-json\/wp\/v2\/posts"}],"about":[{"href":"https:\/\/agora.xtec.cat\/iesacumella\/wp-json\/wp\/v2\/types\/post"}],"author":[{"embeddable":true,"href":"https:\/\/agora.xtec.cat\/iesacumella\/wp-json\/wp\/v2\/users\/1"}],"replies":[{"embeddable":true,"href":"https:\/\/agora.xtec.cat\/iesacumella\/wp-json\/wp\/v2\/comments?post=7745"}],"version-history":[{"count":2,"href":"https:\/\/agora.xtec.cat\/iesacumella\/wp-json\/wp\/v2\/posts\/7745\/revisions"}],"predecessor-version":[{"id":7760,"href":"https:\/\/agora.xtec.cat\/iesacumella\/wp-json\/wp\/v2\/posts\/7745\/revisions\/7760"}],"wp:attachment":[{"href":"https:\/\/agora.xtec.cat\/iesacumella\/wp-json\/wp\/v2\/media?parent=7745"}],"wp:term":[{"taxonomy":"category","embeddable":true,"href":"https:\/\/agora.xtec.cat\/iesacumella\/wp-json\/wp\/v2\/categories?post=7745"},{"taxonomy":"post_tag","embeddable":true,"href":"https:\/\/agora.xtec.cat\/iesacumella\/wp-json\/wp\/v2\/tags?post=7745"}],"curies":[{"name":"wp","href":"https:\/\/api.w.org\/{rel}","templated":true}]}}