{"id":7738,"date":"2021-02-13T12:27:42","date_gmt":"2021-02-13T11:27:42","guid":{"rendered":"http:\/\/agora.xtec.cat\/iesacumella\/?p=7738"},"modified":"2021-02-13T12:27:42","modified_gmt":"2021-02-13T11:27:42","slug":"que-llegeixen-a-granollers","status":"publish","type":"post","link":"https:\/\/agora.xtec.cat\/iesacumella\/portada\/que-llegeixen-a-granollers\/","title":{"rendered":"Qu\u00e8 llegeixen a Granollers?"},"content":{"rendered":"<p>Des de l&#8217;\u00e0mbit ling\u00fc\u00edstic, portem unes setmanes coneixent la ciutat i, sobretot, les seves biblioteques. L&#8217;alumnat de 1r d&#8217;ESO ha descobert quins s\u00f3n els h\u00e0bits lectors de les granollerines i granollerins mitjan\u00e7ant diverses enquestes que han preparat per grups. Per aix\u00f2, han posat en pr\u00e0ctica els aprenentatges ling\u00fc\u00edstics: com fer una bona pregunta, preveure les possibles respostes, preparar una enquesta en funci\u00f3 d&#8217;una hip\u00f2tesi amb el que saben de les biblioteques, presentar-se amb educaci\u00f3 i enquestar a gent pel carrer, recollir les seves respostes per tal d&#8217;extreure&#8217;n els percentatges i preparar una exposici\u00f3 p\u00fablica per mostrar les seves conclusions. Certament, molts d&#8217;ells han perdut la vergonya i la seva valoraci\u00f3 i experi\u00e8ncia ha estat vivencial, significativa i molt positiva. Per complementar les activitats, hem rebut la visita de la Gl\u00f2ria, la bibliotec\u00e0ria de la Roca Umbert, que ens ha explicat els serveis d&#8217;una biblioteca p\u00fablica i ens ha recomanat una llista de lectures molt interessants per motivar el gust per la lectura entre l&#8217;alumnat.<\/p>\n<p><a href=\"https:\/\/agora.xtec.cat\/iesacumella\/wp-content\/uploads\/usu1642\/2021\/02\/Enquesta4.jpeg\"><img loading=\"lazy\" decoding=\"async\" class=\"alignnone size-medium wp-image-7739\" src=\"https:\/\/agora.xtec.cat\/iesacumella\/wp-content\/uploads\/usu1642\/2021\/02\/Enquesta4-225x300.jpeg\" alt=\"\" width=\"225\" height=\"300\" srcset=\"https:\/\/agora.xtec.cat\/iesacumella\/wp-content\/uploads\/usu1642\/2021\/02\/Enquesta4-225x300.jpeg 225w, https:\/\/agora.xtec.cat\/iesacumella\/wp-content\/uploads\/usu1642\/2021\/02\/Enquesta4.jpeg 768w\" sizes=\"auto, (max-width: 225px) 100vw, 225px\" \/><\/a> <a href=\"https:\/\/agora.xtec.cat\/iesacumella\/wp-content\/uploads\/usu1642\/2021\/02\/Enquestes1.jpeg\"><img loading=\"lazy\" decoding=\"async\" class=\"alignnone size-medium wp-image-7740\" src=\"https:\/\/agora.xtec.cat\/iesacumella\/wp-content\/uploads\/usu1642\/2021\/02\/Enquestes1-254x300.jpeg\" alt=\"\" width=\"254\" height=\"300\" srcset=\"https:\/\/agora.xtec.cat\/iesacumella\/wp-content\/uploads\/usu1642\/2021\/02\/Enquestes1-254x300.jpeg 254w, https:\/\/agora.xtec.cat\/iesacumella\/wp-content\/uploads\/usu1642\/2021\/02\/Enquestes1-768x907.jpeg 768w, https:\/\/agora.xtec.cat\/iesacumella\/wp-content\/uploads\/usu1642\/2021\/02\/Enquestes1.jpeg 867w\" sizes=\"auto, (max-width: 254px) 100vw, 254px\" \/><\/a> <a href=\"https:\/\/agora.xtec.cat\/iesacumella\/wp-content\/uploads\/usu1642\/2021\/02\/Enquestes2.jpeg\"><img loading=\"lazy\" decoding=\"async\" class=\"alignnone size-medium wp-image-7741\" src=\"https:\/\/agora.xtec.cat\/iesacumella\/wp-content\/uploads\/usu1642\/2021\/02\/Enquestes2-225x300.jpeg\" alt=\"\" width=\"225\" height=\"300\" srcset=\"https:\/\/agora.xtec.cat\/iesacumella\/wp-content\/uploads\/usu1642\/2021\/02\/Enquestes2-225x300.jpeg 225w, https:\/\/agora.xtec.cat\/iesacumella\/wp-content\/uploads\/usu1642\/2021\/02\/Enquestes2-768x1023.jpeg 768w, https:\/\/agora.xtec.cat\/iesacumella\/wp-content\/uploads\/usu1642\/2021\/02\/Enquestes2.jpeg 769w\" sizes=\"auto, (max-width: 225px) 100vw, 225px\" \/><\/a> <a href=\"https:\/\/agora.xtec.cat\/iesacumella\/wp-content\/uploads\/usu1642\/2021\/02\/Enquestes3.jpeg\"><img loading=\"lazy\" decoding=\"async\" class=\"alignnone size-medium wp-image-7742\" src=\"https:\/\/agora.xtec.cat\/iesacumella\/wp-content\/uploads\/usu1642\/2021\/02\/Enquestes3-252x300.jpeg\" alt=\"\" width=\"252\" height=\"300\" srcset=\"https:\/\/agora.xtec.cat\/iesacumella\/wp-content\/uploads\/usu1642\/2021\/02\/Enquestes3-252x300.jpeg 252w, https:\/\/agora.xtec.cat\/iesacumella\/wp-content\/uploads\/usu1642\/2021\/02\/Enquestes3-768x913.jpeg 768w, https:\/\/agora.xtec.cat\/iesacumella\/wp-content\/uploads\/usu1642\/2021\/02\/Enquestes3.jpeg 861w\" sizes=\"auto, (max-width: 252px) 100vw, 252px\" \/><\/a> <a href=\"https:\/\/agora.xtec.cat\/iesacumella\/wp-content\/uploads\/usu1642\/2021\/02\/Enquestes5.jpeg\"><img loading=\"lazy\" decoding=\"async\" class=\"alignnone size-medium wp-image-7743\" src=\"https:\/\/agora.xtec.cat\/iesacumella\/wp-content\/uploads\/usu1642\/2021\/02\/Enquestes5-300x204.jpeg\" alt=\"\" width=\"300\" height=\"204\" srcset=\"https:\/\/agora.xtec.cat\/iesacumella\/wp-content\/uploads\/usu1642\/2021\/02\/Enquestes5-300x204.jpeg 300w, https:\/\/agora.xtec.cat\/iesacumella\/wp-content\/uploads\/usu1642\/2021\/02\/Enquestes5-768x522.jpeg 768w, https:\/\/agora.xtec.cat\/iesacumella\/wp-content\/uploads\/usu1642\/2021\/02\/Enquestes5.jpeg 1024w\" sizes=\"auto, (max-width: 300px) 100vw, 300px\" \/><\/a><\/p>\n","protected":false},"excerpt":{"rendered":"<p>Des de l&#8217;\u00e0mbit ling\u00fc\u00edstic, portem unes setmanes coneixent la ciutat i, sobretot, les seves biblioteques. L&#8217;alumnat de 1r d&#8217;ESO ha descobert quins s\u00f3n els h\u00e0bits lectors de les granollerines i granollerins mitjan\u00e7ant diverses enquestes que han preparat per grups. Per aix\u00f2, han posat en pr\u00e0ctica&hellip;  <a href=\"https:\/\/agora.xtec.cat\/iesacumella\/portada\/que-llegeixen-a-granollers\/\" title=\"Read Qu\u00e8 llegeixen a Granollers?\">Llegeix m\u00e9s\u00bb<\/a><\/p>\n","protected":false},"author":1,"featured_media":0,"comment_status":"closed","ping_status":"closed","sticky":false,"template":"","format":"standard","meta":{"_bbp_topic_count":0,"_bbp_reply_count":0,"_bbp_total_topic_count":0,"_bbp_total_reply_count":0,"_bbp_voice_count":0,"_bbp_anonymous_reply_count":0,"_bbp_topic_count_hidden":0,"_bbp_reply_count_hidden":0,"_bbp_forum_subforum_count":0,"footnotes":""},"categories":[125,111,29],"tags":[],"class_list":["post-7738","post","type-post","status-publish","format-standard","hentry","category-1r-eso","category-llengua-catalana","category-portada"],"post_mailing_queue_ids":[],"_links":{"self":[{"href":"https:\/\/agora.xtec.cat\/iesacumella\/wp-json\/wp\/v2\/posts\/7738","targetHints":{"allow":["GET"]}}],"collection":[{"href":"https:\/\/agora.xtec.cat\/iesacumella\/wp-json\/wp\/v2\/posts"}],"about":[{"href":"https:\/\/agora.xtec.cat\/iesacumella\/wp-json\/wp\/v2\/types\/post"}],"author":[{"embeddable":true,"href":"https:\/\/agora.xtec.cat\/iesacumella\/wp-json\/wp\/v2\/users\/1"}],"replies":[{"embeddable":true,"href":"https:\/\/agora.xtec.cat\/iesacumella\/wp-json\/wp\/v2\/comments?post=7738"}],"version-history":[{"count":1,"href":"https:\/\/agora.xtec.cat\/iesacumella\/wp-json\/wp\/v2\/posts\/7738\/revisions"}],"predecessor-version":[{"id":7744,"href":"https:\/\/agora.xtec.cat\/iesacumella\/wp-json\/wp\/v2\/posts\/7738\/revisions\/7744"}],"wp:attachment":[{"href":"https:\/\/agora.xtec.cat\/iesacumella\/wp-json\/wp\/v2\/media?parent=7738"}],"wp:term":[{"taxonomy":"category","embeddable":true,"href":"https:\/\/agora.xtec.cat\/iesacumella\/wp-json\/wp\/v2\/categories?post=7738"},{"taxonomy":"post_tag","embeddable":true,"href":"https:\/\/agora.xtec.cat\/iesacumella\/wp-json\/wp\/v2\/tags?post=7738"}],"curies":[{"name":"wp","href":"https:\/\/api.w.org\/{rel}","templated":true}]}}