{"id":7732,"date":"2021-02-13T09:12:16","date_gmt":"2021-02-13T08:12:16","guid":{"rendered":"http:\/\/agora.xtec.cat\/iesacumella\/?p=7732"},"modified":"2021-02-12T13:20:02","modified_gmt":"2021-02-12T12:20:02","slug":"taller-de-quimica-el-canvi-quimic","status":"publish","type":"post","link":"https:\/\/agora.xtec.cat\/iesacumella\/portada\/taller-de-quimica-el-canvi-quimic\/","title":{"rendered":"Taller de qu\u00edmica: El canvi qu\u00edmic"},"content":{"rendered":"<p>El passat 11 de febrer els alumnes de 4t ESO C de f\u00edsica i qu\u00edmica van visitar el <a href=\"https:\/\/mnactec.cat\/ca\">Museu Nacional de la Ci\u00e8ncia i la T\u00e8cnica de Catalunya<\/a>, a Terrassa, per fer un taller de qu\u00edmica. Van realitzar diverses activitats relacionades amb el concepte de canvi qu\u00edmic. A trav\u00e9s de l\u2019experimentaci\u00f3 van comprendre conceptes com les reaccions altament exot\u00e8rmiques, la quimioluminesc\u00e8ncia, la coagulaci\u00f3 de prote\u00efnes, les reaccions d\u2019oxidaci\u00f3 i reducci\u00f3 i l\u2019elaboraci\u00f3 de pl\u00e0stics biol\u00f2gics. Els alumnes van gaudir de l&#8217;experi\u00e8ncia.<\/p>\n<p><a href=\"https:\/\/agora.xtec.cat\/iesacumella\/wp-content\/uploads\/usu1642\/2021\/02\/IMG_6180.jpeg\"><img loading=\"lazy\" decoding=\"async\" class=\"alignnone size-medium wp-image-7734\" src=\"https:\/\/agora.xtec.cat\/iesacumella\/wp-content\/uploads\/usu1642\/2021\/02\/IMG_6180-300x171.jpeg\" alt=\"\" width=\"300\" height=\"171\" srcset=\"https:\/\/agora.xtec.cat\/iesacumella\/wp-content\/uploads\/usu1642\/2021\/02\/IMG_6180-300x171.jpeg 300w, https:\/\/agora.xtec.cat\/iesacumella\/wp-content\/uploads\/usu1642\/2021\/02\/IMG_6180-768x438.jpeg 768w, https:\/\/agora.xtec.cat\/iesacumella\/wp-content\/uploads\/usu1642\/2021\/02\/IMG_6180-1024x584.jpeg 1024w, https:\/\/agora.xtec.cat\/iesacumella\/wp-content\/uploads\/usu1642\/2021\/02\/IMG_6180.jpeg 1632w\" sizes=\"auto, (max-width: 300px) 100vw, 300px\" \/><\/a> <a href=\"https:\/\/agora.xtec.cat\/iesacumella\/wp-content\/uploads\/usu1642\/2021\/02\/c0ac84e7-6b70-4254-9de8-e62c69922b18.jpeg\"><img loading=\"lazy\" decoding=\"async\" class=\"alignnone size-medium wp-image-7736\" src=\"https:\/\/agora.xtec.cat\/iesacumella\/wp-content\/uploads\/usu1642\/2021\/02\/c0ac84e7-6b70-4254-9de8-e62c69922b18-300x204.jpeg\" alt=\"\" width=\"300\" height=\"204\" srcset=\"https:\/\/agora.xtec.cat\/iesacumella\/wp-content\/uploads\/usu1642\/2021\/02\/c0ac84e7-6b70-4254-9de8-e62c69922b18-300x204.jpeg 300w, https:\/\/agora.xtec.cat\/iesacumella\/wp-content\/uploads\/usu1642\/2021\/02\/c0ac84e7-6b70-4254-9de8-e62c69922b18-768x522.jpeg 768w, https:\/\/agora.xtec.cat\/iesacumella\/wp-content\/uploads\/usu1642\/2021\/02\/c0ac84e7-6b70-4254-9de8-e62c69922b18-1024x696.jpeg 1024w, https:\/\/agora.xtec.cat\/iesacumella\/wp-content\/uploads\/usu1642\/2021\/02\/c0ac84e7-6b70-4254-9de8-e62c69922b18.jpeg 1361w\" sizes=\"auto, (max-width: 300px) 100vw, 300px\" \/><\/a><\/p>\n<p><a href=\"https:\/\/agora.xtec.cat\/iesacumella\/wp-content\/uploads\/usu1642\/2021\/02\/IMG_6175.jpg\"><img loading=\"lazy\" decoding=\"async\" class=\"alignnone size-medium wp-image-7733\" src=\"https:\/\/agora.xtec.cat\/iesacumella\/wp-content\/uploads\/usu1642\/2021\/02\/IMG_6175-300x225.jpg\" alt=\"\" width=\"300\" height=\"225\" srcset=\"https:\/\/agora.xtec.cat\/iesacumella\/wp-content\/uploads\/usu1642\/2021\/02\/IMG_6175-300x225.jpg 300w, https:\/\/agora.xtec.cat\/iesacumella\/wp-content\/uploads\/usu1642\/2021\/02\/IMG_6175-768x576.jpg 768w, https:\/\/agora.xtec.cat\/iesacumella\/wp-content\/uploads\/usu1642\/2021\/02\/IMG_6175-1024x768.jpg 1024w, https:\/\/agora.xtec.cat\/iesacumella\/wp-content\/uploads\/usu1642\/2021\/02\/IMG_6175-200x150.jpg 200w\" sizes=\"auto, (max-width: 300px) 100vw, 300px\" \/><\/a> <a href=\"https:\/\/agora.xtec.cat\/iesacumella\/wp-content\/uploads\/usu1642\/2021\/02\/12dc5a6b-4aed-4b5a-b8bb-51a23df16152.jpg\"><img loading=\"lazy\" decoding=\"async\" class=\"alignnone size-medium wp-image-7735\" src=\"https:\/\/agora.xtec.cat\/iesacumella\/wp-content\/uploads\/usu1642\/2021\/02\/12dc5a6b-4aed-4b5a-b8bb-51a23df16152-300x300.jpg\" alt=\"\" width=\"300\" height=\"300\" srcset=\"https:\/\/agora.xtec.cat\/iesacumella\/wp-content\/uploads\/usu1642\/2021\/02\/12dc5a6b-4aed-4b5a-b8bb-51a23df16152-300x300.jpg 300w, https:\/\/agora.xtec.cat\/iesacumella\/wp-content\/uploads\/usu1642\/2021\/02\/12dc5a6b-4aed-4b5a-b8bb-51a23df16152-150x150.jpg 150w, https:\/\/agora.xtec.cat\/iesacumella\/wp-content\/uploads\/usu1642\/2021\/02\/12dc5a6b-4aed-4b5a-b8bb-51a23df16152-768x768.jpg 768w, https:\/\/agora.xtec.cat\/iesacumella\/wp-content\/uploads\/usu1642\/2021\/02\/12dc5a6b-4aed-4b5a-b8bb-51a23df16152-1024x1024.jpg 1024w, https:\/\/agora.xtec.cat\/iesacumella\/wp-content\/uploads\/usu1642\/2021\/02\/12dc5a6b-4aed-4b5a-b8bb-51a23df16152.jpg 1512w\" sizes=\"auto, (max-width: 300px) 100vw, 300px\" \/><\/a><\/p>\n","protected":false},"excerpt":{"rendered":"<p>El passat 11 de febrer els alumnes de 4t ESO C de f\u00edsica i qu\u00edmica van visitar el <a href=\"https:\/\/mnactec.cat\/ca\">Museu Nacional de la Ci\u00e8ncia i la T\u00e8cnica de Catalunya<\/a>, a Terrassa, per fer un taller de qu\u00edmica. Van realitzar diverses activitats relacionades amb el concepte&hellip;  <a href=\"https:\/\/agora.xtec.cat\/iesacumella\/portada\/taller-de-quimica-el-canvi-quimic\/\" title=\"Read Taller de qu\u00edmica: El canvi qu\u00edmic\">Llegeix m\u00e9s\u00bb<\/a><\/p>\n","protected":false},"author":1,"featured_media":0,"comment_status":"closed","ping_status":"closed","sticky":false,"template":"","format":"standard","meta":{"_bbp_topic_count":0,"_bbp_reply_count":0,"_bbp_total_topic_count":0,"_bbp_total_reply_count":0,"_bbp_voice_count":0,"_bbp_anonymous_reply_count":0,"_bbp_topic_count_hidden":0,"_bbp_reply_count_hidden":0,"_bbp_forum_subforum_count":0,"footnotes":""},"categories":[128,106,29],"tags":[],"class_list":["post-7732","post","type-post","status-publish","format-standard","hentry","category-4rt-eso","category-fisica-i-quimica","category-portada"],"post_mailing_queue_ids":[],"_links":{"self":[{"href":"https:\/\/agora.xtec.cat\/iesacumella\/wp-json\/wp\/v2\/posts\/7732","targetHints":{"allow":["GET"]}}],"collection":[{"href":"https:\/\/agora.xtec.cat\/iesacumella\/wp-json\/wp\/v2\/posts"}],"about":[{"href":"https:\/\/agora.xtec.cat\/iesacumella\/wp-json\/wp\/v2\/types\/post"}],"author":[{"embeddable":true,"href":"https:\/\/agora.xtec.cat\/iesacumella\/wp-json\/wp\/v2\/users\/1"}],"replies":[{"embeddable":true,"href":"https:\/\/agora.xtec.cat\/iesacumella\/wp-json\/wp\/v2\/comments?post=7732"}],"version-history":[{"count":1,"href":"https:\/\/agora.xtec.cat\/iesacumella\/wp-json\/wp\/v2\/posts\/7732\/revisions"}],"predecessor-version":[{"id":7737,"href":"https:\/\/agora.xtec.cat\/iesacumella\/wp-json\/wp\/v2\/posts\/7732\/revisions\/7737"}],"wp:attachment":[{"href":"https:\/\/agora.xtec.cat\/iesacumella\/wp-json\/wp\/v2\/media?parent=7732"}],"wp:term":[{"taxonomy":"category","embeddable":true,"href":"https:\/\/agora.xtec.cat\/iesacumella\/wp-json\/wp\/v2\/categories?post=7732"},{"taxonomy":"post_tag","embeddable":true,"href":"https:\/\/agora.xtec.cat\/iesacumella\/wp-json\/wp\/v2\/tags?post=7732"}],"curies":[{"name":"wp","href":"https:\/\/api.w.org\/{rel}","templated":true}]}}