{"id":7704,"date":"2021-02-10T12:10:17","date_gmt":"2021-02-10T11:10:17","guid":{"rendered":"http:\/\/agora.xtec.cat\/iesacumella\/?p=7704"},"modified":"2021-02-10T12:10:17","modified_gmt":"2021-02-10T11:10:17","slug":"el-sistema-solar-al-passadis","status":"publish","type":"post","link":"https:\/\/agora.xtec.cat\/iesacumella\/portada\/el-sistema-solar-al-passadis\/","title":{"rendered":"El sistema solar al passad\u00eds"},"content":{"rendered":"<p>Despr\u00e9s de treballar l&#8217;univers a ci\u00e8ncies naturals, els alumnes de 1r d&#8217;ESO han representat el sistema solar a escala al passad\u00eds de l&#8217;institut. Han estan mesurant l&#8217;espai, determinant el canvi d&#8217;escala necessari i les proporcions i han descobert el peu de rei com a eina de mesura. Felicitem tots els alumnes, entre tots heu fet una gran feina!<\/p>\n<p><a href=\"https:\/\/agora.xtec.cat\/iesacumella\/wp-content\/uploads\/usu1642\/2021\/02\/1.-Prenent-mides-4.jpg\"><img loading=\"lazy\" decoding=\"async\" class=\"alignnone size-medium wp-image-7712\" src=\"https:\/\/agora.xtec.cat\/iesacumella\/wp-content\/uploads\/usu1642\/2021\/02\/1.-Prenent-mides-4-224x300.jpg\" alt=\"\" width=\"224\" height=\"300\" srcset=\"https:\/\/agora.xtec.cat\/iesacumella\/wp-content\/uploads\/usu1642\/2021\/02\/1.-Prenent-mides-4-224x300.jpg 224w, https:\/\/agora.xtec.cat\/iesacumella\/wp-content\/uploads\/usu1642\/2021\/02\/1.-Prenent-mides-4-768x1027.jpg 768w, https:\/\/agora.xtec.cat\/iesacumella\/wp-content\/uploads\/usu1642\/2021\/02\/1.-Prenent-mides-4-766x1024.jpg 766w, https:\/\/agora.xtec.cat\/iesacumella\/wp-content\/uploads\/usu1642\/2021\/02\/1.-Prenent-mides-4.jpg 1496w\" sizes=\"auto, (max-width: 224px) 100vw, 224px\" \/><\/a> <a href=\"https:\/\/agora.xtec.cat\/iesacumella\/wp-content\/uploads\/usu1642\/2021\/02\/1.-Prenent-mides-6.jpg\"><img loading=\"lazy\" decoding=\"async\" class=\"alignnone size-medium wp-image-7713\" src=\"https:\/\/agora.xtec.cat\/iesacumella\/wp-content\/uploads\/usu1642\/2021\/02\/1.-Prenent-mides-6-224x300.jpg\" alt=\"\" width=\"224\" height=\"300\" srcset=\"https:\/\/agora.xtec.cat\/iesacumella\/wp-content\/uploads\/usu1642\/2021\/02\/1.-Prenent-mides-6-224x300.jpg 224w, https:\/\/agora.xtec.cat\/iesacumella\/wp-content\/uploads\/usu1642\/2021\/02\/1.-Prenent-mides-6-768x1027.jpg 768w, https:\/\/agora.xtec.cat\/iesacumella\/wp-content\/uploads\/usu1642\/2021\/02\/1.-Prenent-mides-6-766x1024.jpg 766w, https:\/\/agora.xtec.cat\/iesacumella\/wp-content\/uploads\/usu1642\/2021\/02\/1.-Prenent-mides-6.jpg 1496w\" sizes=\"auto, (max-width: 224px) 100vw, 224px\" \/><\/a> <a href=\"https:\/\/agora.xtec.cat\/iesacumella\/wp-content\/uploads\/usu1642\/2021\/02\/2.-Fent-c\u00e0lculs-1.jpg\"><img loading=\"lazy\" decoding=\"async\" class=\"alignnone size-medium wp-image-7714\" src=\"https:\/\/agora.xtec.cat\/iesacumella\/wp-content\/uploads\/usu1642\/2021\/02\/2.-Fent-c\u00e0lculs-1-300x224.jpg\" alt=\"\" width=\"300\" height=\"224\" srcset=\"https:\/\/agora.xtec.cat\/iesacumella\/wp-content\/uploads\/usu1642\/2021\/02\/2.-Fent-c\u00e0lculs-1-300x224.jpg 300w, https:\/\/agora.xtec.cat\/iesacumella\/wp-content\/uploads\/usu1642\/2021\/02\/2.-Fent-c\u00e0lculs-1-768x574.jpg 768w, https:\/\/agora.xtec.cat\/iesacumella\/wp-content\/uploads\/usu1642\/2021\/02\/2.-Fent-c\u00e0lculs-1-1024x766.jpg 1024w, https:\/\/agora.xtec.cat\/iesacumella\/wp-content\/uploads\/usu1642\/2021\/02\/2.-Fent-c\u00e0lculs-1-200x150.jpg 200w, https:\/\/agora.xtec.cat\/iesacumella\/wp-content\/uploads\/usu1642\/2021\/02\/2.-Fent-c\u00e0lculs-1.jpg 2000w\" sizes=\"auto, (max-width: 300px) 100vw, 300px\" \/><\/a> <a href=\"https:\/\/agora.xtec.cat\/iesacumella\/wp-content\/uploads\/usu1642\/2021\/02\/3.-Mesurant-amb-el-peu-de-rei-1.jpg\"><img loading=\"lazy\" decoding=\"async\" class=\"alignnone size-medium wp-image-7715\" src=\"https:\/\/agora.xtec.cat\/iesacumella\/wp-content\/uploads\/usu1642\/2021\/02\/3.-Mesurant-amb-el-peu-de-rei-1-300x224.jpg\" alt=\"\" width=\"300\" height=\"224\" srcset=\"https:\/\/agora.xtec.cat\/iesacumella\/wp-content\/uploads\/usu1642\/2021\/02\/3.-Mesurant-amb-el-peu-de-rei-1-300x224.jpg 300w, https:\/\/agora.xtec.cat\/iesacumella\/wp-content\/uploads\/usu1642\/2021\/02\/3.-Mesurant-amb-el-peu-de-rei-1-768x574.jpg 768w, https:\/\/agora.xtec.cat\/iesacumella\/wp-content\/uploads\/usu1642\/2021\/02\/3.-Mesurant-amb-el-peu-de-rei-1-1024x766.jpg 1024w, https:\/\/agora.xtec.cat\/iesacumella\/wp-content\/uploads\/usu1642\/2021\/02\/3.-Mesurant-amb-el-peu-de-rei-1-200x150.jpg 200w, https:\/\/agora.xtec.cat\/iesacumella\/wp-content\/uploads\/usu1642\/2021\/02\/3.-Mesurant-amb-el-peu-de-rei-1.jpg 2000w\" sizes=\"auto, (max-width: 300px) 100vw, 300px\" \/><\/a> <a href=\"https:\/\/agora.xtec.cat\/iesacumella\/wp-content\/uploads\/usu1642\/2021\/02\/4.-El-sol-2.jpg\"><img loading=\"lazy\" decoding=\"async\" class=\"alignnone size-medium wp-image-7716\" src=\"https:\/\/agora.xtec.cat\/iesacumella\/wp-content\/uploads\/usu1642\/2021\/02\/4.-El-sol-2-224x300.jpg\" alt=\"\" width=\"224\" height=\"300\" srcset=\"https:\/\/agora.xtec.cat\/iesacumella\/wp-content\/uploads\/usu1642\/2021\/02\/4.-El-sol-2-224x300.jpg 224w, https:\/\/agora.xtec.cat\/iesacumella\/wp-content\/uploads\/usu1642\/2021\/02\/4.-El-sol-2-768x1027.jpg 768w, https:\/\/agora.xtec.cat\/iesacumella\/wp-content\/uploads\/usu1642\/2021\/02\/4.-El-sol-2-766x1024.jpg 766w, https:\/\/agora.xtec.cat\/iesacumella\/wp-content\/uploads\/usu1642\/2021\/02\/4.-El-sol-2.jpg 1496w\" sizes=\"auto, (max-width: 224px) 100vw, 224px\" \/><\/a> <a href=\"https:\/\/agora.xtec.cat\/iesacumella\/wp-content\/uploads\/usu1642\/2021\/02\/4.-El-sol-8.jpg\"><img loading=\"lazy\" decoding=\"async\" class=\"alignnone size-medium wp-image-7706\" src=\"https:\/\/agora.xtec.cat\/iesacumella\/wp-content\/uploads\/usu1642\/2021\/02\/4.-El-sol-8-300x224.jpg\" alt=\"\" width=\"300\" height=\"224\" srcset=\"https:\/\/agora.xtec.cat\/iesacumella\/wp-content\/uploads\/usu1642\/2021\/02\/4.-El-sol-8-300x224.jpg 300w, https:\/\/agora.xtec.cat\/iesacumella\/wp-content\/uploads\/usu1642\/2021\/02\/4.-El-sol-8-768x574.jpg 768w, https:\/\/agora.xtec.cat\/iesacumella\/wp-content\/uploads\/usu1642\/2021\/02\/4.-El-sol-8-1024x766.jpg 1024w, https:\/\/agora.xtec.cat\/iesacumella\/wp-content\/uploads\/usu1642\/2021\/02\/4.-El-sol-8-200x150.jpg 200w, https:\/\/agora.xtec.cat\/iesacumella\/wp-content\/uploads\/usu1642\/2021\/02\/4.-El-sol-8.jpg 2000w\" sizes=\"auto, (max-width: 300px) 100vw, 300px\" \/><\/a> <a href=\"https:\/\/agora.xtec.cat\/iesacumella\/wp-content\/uploads\/usu1642\/2021\/02\/5.-Els-planetes-2.jpg\"><img loading=\"lazy\" decoding=\"async\" class=\"alignnone size-medium wp-image-7707\" src=\"https:\/\/agora.xtec.cat\/iesacumella\/wp-content\/uploads\/usu1642\/2021\/02\/5.-Els-planetes-2-300x224.jpg\" alt=\"\" width=\"300\" height=\"224\" srcset=\"https:\/\/agora.xtec.cat\/iesacumella\/wp-content\/uploads\/usu1642\/2021\/02\/5.-Els-planetes-2-300x224.jpg 300w, https:\/\/agora.xtec.cat\/iesacumella\/wp-content\/uploads\/usu1642\/2021\/02\/5.-Els-planetes-2-768x574.jpg 768w, https:\/\/agora.xtec.cat\/iesacumella\/wp-content\/uploads\/usu1642\/2021\/02\/5.-Els-planetes-2-1024x766.jpg 1024w, https:\/\/agora.xtec.cat\/iesacumella\/wp-content\/uploads\/usu1642\/2021\/02\/5.-Els-planetes-2-200x150.jpg 200w, https:\/\/agora.xtec.cat\/iesacumella\/wp-content\/uploads\/usu1642\/2021\/02\/5.-Els-planetes-2.jpg 2000w\" sizes=\"auto, (max-width: 300px) 100vw, 300px\" \/><\/a> <a href=\"https:\/\/agora.xtec.cat\/iesacumella\/wp-content\/uploads\/usu1642\/2021\/02\/7.-Muntatge-1.jpg\"><img loading=\"lazy\" decoding=\"async\" class=\"alignnone size-medium wp-image-7708\" src=\"https:\/\/agora.xtec.cat\/iesacumella\/wp-content\/uploads\/usu1642\/2021\/02\/7.-Muntatge-1-224x300.jpg\" alt=\"\" width=\"224\" height=\"300\" srcset=\"https:\/\/agora.xtec.cat\/iesacumella\/wp-content\/uploads\/usu1642\/2021\/02\/7.-Muntatge-1-224x300.jpg 224w, https:\/\/agora.xtec.cat\/iesacumella\/wp-content\/uploads\/usu1642\/2021\/02\/7.-Muntatge-1-768x1027.jpg 768w, https:\/\/agora.xtec.cat\/iesacumella\/wp-content\/uploads\/usu1642\/2021\/02\/7.-Muntatge-1-766x1024.jpg 766w, https:\/\/agora.xtec.cat\/iesacumella\/wp-content\/uploads\/usu1642\/2021\/02\/7.-Muntatge-1.jpg 1496w\" sizes=\"auto, (max-width: 224px) 100vw, 224px\" \/><\/a> <a href=\"https:\/\/agora.xtec.cat\/iesacumella\/wp-content\/uploads\/usu1642\/2021\/02\/8.-Final1.jpg\"><img loading=\"lazy\" decoding=\"async\" class=\"alignnone size-medium wp-image-7709\" src=\"https:\/\/agora.xtec.cat\/iesacumella\/wp-content\/uploads\/usu1642\/2021\/02\/8.-Final1-300x224.jpg\" alt=\"\" width=\"300\" height=\"224\" srcset=\"https:\/\/agora.xtec.cat\/iesacumella\/wp-content\/uploads\/usu1642\/2021\/02\/8.-Final1-300x224.jpg 300w, https:\/\/agora.xtec.cat\/iesacumella\/wp-content\/uploads\/usu1642\/2021\/02\/8.-Final1-768x574.jpg 768w, https:\/\/agora.xtec.cat\/iesacumella\/wp-content\/uploads\/usu1642\/2021\/02\/8.-Final1-1024x766.jpg 1024w, https:\/\/agora.xtec.cat\/iesacumella\/wp-content\/uploads\/usu1642\/2021\/02\/8.-Final1-200x150.jpg 200w, https:\/\/agora.xtec.cat\/iesacumella\/wp-content\/uploads\/usu1642\/2021\/02\/8.-Final1.jpg 2000w\" sizes=\"auto, (max-width: 300px) 100vw, 300px\" \/><\/a> <a href=\"https:\/\/agora.xtec.cat\/iesacumella\/wp-content\/uploads\/usu1642\/2021\/02\/8.Final-2.jpg\"><img loading=\"lazy\" decoding=\"async\" class=\"alignnone size-medium wp-image-7710\" src=\"https:\/\/agora.xtec.cat\/iesacumella\/wp-content\/uploads\/usu1642\/2021\/02\/8.Final-2-224x300.jpg\" alt=\"\" width=\"224\" height=\"300\" srcset=\"https:\/\/agora.xtec.cat\/iesacumella\/wp-content\/uploads\/usu1642\/2021\/02\/8.Final-2-224x300.jpg 224w, https:\/\/agora.xtec.cat\/iesacumella\/wp-content\/uploads\/usu1642\/2021\/02\/8.Final-2-768x1027.jpg 768w, https:\/\/agora.xtec.cat\/iesacumella\/wp-content\/uploads\/usu1642\/2021\/02\/8.Final-2-766x1024.jpg 766w, https:\/\/agora.xtec.cat\/iesacumella\/wp-content\/uploads\/usu1642\/2021\/02\/8.Final-2.jpg 1496w\" sizes=\"auto, (max-width: 224px) 100vw, 224px\" \/><\/a> <a href=\"https:\/\/agora.xtec.cat\/iesacumella\/wp-content\/uploads\/usu1642\/2021\/02\/8.Final-5.jpg\"><img loading=\"lazy\" decoding=\"async\" class=\"alignnone size-medium wp-image-7711\" src=\"https:\/\/agora.xtec.cat\/iesacumella\/wp-content\/uploads\/usu1642\/2021\/02\/8.Final-5-300x224.jpg\" alt=\"\" width=\"300\" height=\"224\" srcset=\"https:\/\/agora.xtec.cat\/iesacumella\/wp-content\/uploads\/usu1642\/2021\/02\/8.Final-5-300x224.jpg 300w, https:\/\/agora.xtec.cat\/iesacumella\/wp-content\/uploads\/usu1642\/2021\/02\/8.Final-5-768x574.jpg 768w, https:\/\/agora.xtec.cat\/iesacumella\/wp-content\/uploads\/usu1642\/2021\/02\/8.Final-5-1024x766.jpg 1024w, https:\/\/agora.xtec.cat\/iesacumella\/wp-content\/uploads\/usu1642\/2021\/02\/8.Final-5-200x150.jpg 200w, https:\/\/agora.xtec.cat\/iesacumella\/wp-content\/uploads\/usu1642\/2021\/02\/8.Final-5.jpg 2000w\" sizes=\"auto, (max-width: 300px) 100vw, 300px\" \/><\/a><\/p>\n","protected":false},"excerpt":{"rendered":"<p>Despr\u00e9s de treballar l&#8217;univers a ci\u00e8ncies naturals, els alumnes de 1r d&#8217;ESO han representat el sistema solar a escala al passad\u00eds de l&#8217;institut. Han estan mesurant l&#8217;espai, determinant el canvi d&#8217;escala necessari i les proporcions i han descobert el peu de rei com a eina&hellip;  <a href=\"https:\/\/agora.xtec.cat\/iesacumella\/portada\/el-sistema-solar-al-passadis\/\" title=\"Read El sistema solar al passad\u00eds\">Llegeix m\u00e9s\u00bb<\/a><\/p>\n","protected":false},"author":1,"featured_media":0,"comment_status":"closed","ping_status":"closed","sticky":false,"template":"","format":"standard","meta":{"_bbp_topic_count":0,"_bbp_reply_count":0,"_bbp_total_topic_count":0,"_bbp_total_reply_count":0,"_bbp_voice_count":0,"_bbp_anonymous_reply_count":0,"_bbp_topic_count_hidden":0,"_bbp_reply_count_hidden":0,"_bbp_forum_subforum_count":0,"footnotes":""},"categories":[125,29,122],"tags":[],"class_list":["post-7704","post","type-post","status-publish","format-standard","hentry","category-1r-eso","category-portada","category-tecnologia"],"post_mailing_queue_ids":[],"_links":{"self":[{"href":"https:\/\/agora.xtec.cat\/iesacumella\/wp-json\/wp\/v2\/posts\/7704","targetHints":{"allow":["GET"]}}],"collection":[{"href":"https:\/\/agora.xtec.cat\/iesacumella\/wp-json\/wp\/v2\/posts"}],"about":[{"href":"https:\/\/agora.xtec.cat\/iesacumella\/wp-json\/wp\/v2\/types\/post"}],"author":[{"embeddable":true,"href":"https:\/\/agora.xtec.cat\/iesacumella\/wp-json\/wp\/v2\/users\/1"}],"replies":[{"embeddable":true,"href":"https:\/\/agora.xtec.cat\/iesacumella\/wp-json\/wp\/v2\/comments?post=7704"}],"version-history":[{"count":2,"href":"https:\/\/agora.xtec.cat\/iesacumella\/wp-json\/wp\/v2\/posts\/7704\/revisions"}],"predecessor-version":[{"id":7717,"href":"https:\/\/agora.xtec.cat\/iesacumella\/wp-json\/wp\/v2\/posts\/7704\/revisions\/7717"}],"wp:attachment":[{"href":"https:\/\/agora.xtec.cat\/iesacumella\/wp-json\/wp\/v2\/media?parent=7704"}],"wp:term":[{"taxonomy":"category","embeddable":true,"href":"https:\/\/agora.xtec.cat\/iesacumella\/wp-json\/wp\/v2\/categories?post=7704"},{"taxonomy":"post_tag","embeddable":true,"href":"https:\/\/agora.xtec.cat\/iesacumella\/wp-json\/wp\/v2\/tags?post=7704"}],"curies":[{"name":"wp","href":"https:\/\/api.w.org\/{rel}","templated":true}]}}