{"id":7678,"date":"2021-01-04T10:56:10","date_gmt":"2021-01-04T09:56:10","guid":{"rendered":"http:\/\/agora.xtec.cat\/iesacumella\/?p=7678"},"modified":"2021-01-04T10:56:10","modified_gmt":"2021-01-04T09:56:10","slug":"intercanvi-epistolar-amb-franca-2","status":"publish","type":"post","link":"https:\/\/agora.xtec.cat\/iesacumella\/portada\/intercanvi-epistolar-amb-franca-2\/","title":{"rendered":"Intercanvi epistolar amb Fran\u00e7a"},"content":{"rendered":"<p>Enguany els i les alumnes de l\u2019optativa de franc\u00e8s de 1r d\u2019ESO participen en un intercanvi digital amb els estudiants de l\u2019Institut Eug\u00e8ne Fromentin (La Rochelle). Aquest intercanvi t\u00e9 per objectiu millorar i aprofundir en el coneixement de la llengua i cultura d\u2019ambd\u00f3s pa\u00efsos a trav\u00e9s d\u2019un corresponsal que presenta la seva pr\u00f2pia realitat. Per a tal efecte, cada alumne ha confeccionat una postal de presentaci\u00f3 on tamb\u00e9 ha incl\u00f2s un missatge de felicitaci\u00f3 de Nadal. Ha estat una experi\u00e8ncia molt motivadora tant per als alumnes com per al professorat. Esperem que d\u2019aquest projecte que durar\u00e0 tot el curs sorgeixin grans amistats.<\/p>\n<p>Aprofitem l\u2019avinentesa per compartir algunes imatges amb vosaltres i desitjar unes bones festes a tota la comunitat educativa del Cumella.<\/p>\n<p><a href=\"https:\/\/agora.xtec.cat\/iesacumella\/wp-content\/uploads\/usu1642\/2021\/01\/1.png\"><img loading=\"lazy\" decoding=\"async\" class=\"alignnone wp-image-7679 size-medium\" src=\"https:\/\/agora.xtec.cat\/iesacumella\/wp-content\/uploads\/usu1642\/2021\/01\/1-300x213.png\" alt=\"\" width=\"300\" height=\"213\" srcset=\"https:\/\/agora.xtec.cat\/iesacumella\/wp-content\/uploads\/usu1642\/2021\/01\/1-300x213.png 300w, https:\/\/agora.xtec.cat\/iesacumella\/wp-content\/uploads\/usu1642\/2021\/01\/1-768x545.png 768w, https:\/\/agora.xtec.cat\/iesacumella\/wp-content\/uploads\/usu1642\/2021\/01\/1-1024x727.png 1024w, https:\/\/agora.xtec.cat\/iesacumella\/wp-content\/uploads\/usu1642\/2021\/01\/1.png 1747w\" sizes=\"auto, (max-width: 300px) 100vw, 300px\" \/><\/a> <a href=\"https:\/\/agora.xtec.cat\/iesacumella\/wp-content\/uploads\/usu1642\/2021\/01\/2.jpeg\"><img loading=\"lazy\" decoding=\"async\" class=\"alignnone wp-image-7683 size-medium\" src=\"https:\/\/agora.xtec.cat\/iesacumella\/wp-content\/uploads\/usu1642\/2021\/01\/2-300x225.jpeg\" alt=\"\" width=\"300\" height=\"225\" srcset=\"https:\/\/agora.xtec.cat\/iesacumella\/wp-content\/uploads\/usu1642\/2021\/01\/2-300x225.jpeg 300w, https:\/\/agora.xtec.cat\/iesacumella\/wp-content\/uploads\/usu1642\/2021\/01\/2-768x576.jpeg 768w, https:\/\/agora.xtec.cat\/iesacumella\/wp-content\/uploads\/usu1642\/2021\/01\/2-1024x768.jpeg 1024w, https:\/\/agora.xtec.cat\/iesacumella\/wp-content\/uploads\/usu1642\/2021\/01\/2-200x150.jpeg 200w, https:\/\/agora.xtec.cat\/iesacumella\/wp-content\/uploads\/usu1642\/2021\/01\/2.jpeg 1920w\" sizes=\"auto, (max-width: 300px) 100vw, 300px\" \/><\/a> <a href=\"https:\/\/agora.xtec.cat\/iesacumella\/wp-content\/uploads\/usu1642\/2021\/01\/3.png\"><img loading=\"lazy\" decoding=\"async\" class=\"alignnone wp-image-7680 size-medium\" src=\"https:\/\/agora.xtec.cat\/iesacumella\/wp-content\/uploads\/usu1642\/2021\/01\/3-300x215.png\" alt=\"\" width=\"300\" height=\"215\" srcset=\"https:\/\/agora.xtec.cat\/iesacumella\/wp-content\/uploads\/usu1642\/2021\/01\/3-300x215.png 300w, https:\/\/agora.xtec.cat\/iesacumella\/wp-content\/uploads\/usu1642\/2021\/01\/3-768x551.png 768w, https:\/\/agora.xtec.cat\/iesacumella\/wp-content\/uploads\/usu1642\/2021\/01\/3.png 839w\" sizes=\"auto, (max-width: 300px) 100vw, 300px\" \/><\/a> <a href=\"https:\/\/agora.xtec.cat\/iesacumella\/wp-content\/uploads\/usu1642\/2021\/01\/4.jpeg\"><img loading=\"lazy\" decoding=\"async\" class=\"alignnone size-medium wp-image-7684\" src=\"https:\/\/agora.xtec.cat\/iesacumella\/wp-content\/uploads\/usu1642\/2021\/01\/4-300x225.jpeg\" alt=\"\" width=\"300\" height=\"225\" srcset=\"https:\/\/agora.xtec.cat\/iesacumella\/wp-content\/uploads\/usu1642\/2021\/01\/4-300x225.jpeg 300w, https:\/\/agora.xtec.cat\/iesacumella\/wp-content\/uploads\/usu1642\/2021\/01\/4-768x576.jpeg 768w, https:\/\/agora.xtec.cat\/iesacumella\/wp-content\/uploads\/usu1642\/2021\/01\/4-1024x768.jpeg 1024w, https:\/\/agora.xtec.cat\/iesacumella\/wp-content\/uploads\/usu1642\/2021\/01\/4-200x150.jpeg 200w, https:\/\/agora.xtec.cat\/iesacumella\/wp-content\/uploads\/usu1642\/2021\/01\/4.jpeg 1920w\" sizes=\"auto, (max-width: 300px) 100vw, 300px\" \/><\/a> <a href=\"https:\/\/agora.xtec.cat\/iesacumella\/wp-content\/uploads\/usu1642\/2021\/01\/5.png\"><img loading=\"lazy\" decoding=\"async\" class=\"alignnone wp-image-7681 size-medium\" src=\"https:\/\/agora.xtec.cat\/iesacumella\/wp-content\/uploads\/usu1642\/2021\/01\/5-300x212.png\" alt=\"\" width=\"300\" height=\"212\" srcset=\"https:\/\/agora.xtec.cat\/iesacumella\/wp-content\/uploads\/usu1642\/2021\/01\/5-300x212.png 300w, https:\/\/agora.xtec.cat\/iesacumella\/wp-content\/uploads\/usu1642\/2021\/01\/5-768x544.png 768w, https:\/\/agora.xtec.cat\/iesacumella\/wp-content\/uploads\/usu1642\/2021\/01\/5.png 843w\" sizes=\"auto, (max-width: 300px) 100vw, 300px\" \/><\/a> <a href=\"https:\/\/agora.xtec.cat\/iesacumella\/wp-content\/uploads\/usu1642\/2021\/01\/6.jpeg\"><img loading=\"lazy\" decoding=\"async\" class=\"alignnone wp-image-7682 size-medium\" src=\"https:\/\/agora.xtec.cat\/iesacumella\/wp-content\/uploads\/usu1642\/2021\/01\/6-300x225.jpeg\" alt=\"\" width=\"300\" height=\"225\" srcset=\"https:\/\/agora.xtec.cat\/iesacumella\/wp-content\/uploads\/usu1642\/2021\/01\/6-300x225.jpeg 300w, https:\/\/agora.xtec.cat\/iesacumella\/wp-content\/uploads\/usu1642\/2021\/01\/6-768x576.jpeg 768w, https:\/\/agora.xtec.cat\/iesacumella\/wp-content\/uploads\/usu1642\/2021\/01\/6-1024x768.jpeg 1024w, https:\/\/agora.xtec.cat\/iesacumella\/wp-content\/uploads\/usu1642\/2021\/01\/6-200x150.jpeg 200w\" sizes=\"auto, (max-width: 300px) 100vw, 300px\" \/><\/a><\/p>\n","protected":false},"excerpt":{"rendered":"<p>Enguany els i les alumnes de l\u2019optativa de franc\u00e8s de 1r d\u2019ESO participen en un intercanvi digital amb els estudiants de l\u2019Institut Eug\u00e8ne Fromentin (La Rochelle). Aquest intercanvi t\u00e9 per objectiu millorar i aprofundir en el coneixement de la llengua i cultura d\u2019ambd\u00f3s pa\u00efsos a&hellip;  <a href=\"https:\/\/agora.xtec.cat\/iesacumella\/portada\/intercanvi-epistolar-amb-franca-2\/\" title=\"Read Intercanvi epistolar amb Fran\u00e7a\">Llegeix m\u00e9s\u00bb<\/a><\/p>\n","protected":false},"author":1,"featured_media":0,"comment_status":"closed","ping_status":"closed","sticky":false,"template":"","format":"standard","meta":{"_bbp_topic_count":0,"_bbp_reply_count":0,"_bbp_total_topic_count":0,"_bbp_total_reply_count":0,"_bbp_voice_count":0,"_bbp_anonymous_reply_count":0,"_bbp_topic_count_hidden":0,"_bbp_reply_count_hidden":0,"_bbp_forum_subforum_count":0,"footnotes":""},"categories":[125,113,29],"tags":[],"class_list":["post-7678","post","type-post","status-publish","format-standard","hentry","category-1r-eso","category-llengues-estrangeres","category-portada"],"post_mailing_queue_ids":[],"_links":{"self":[{"href":"https:\/\/agora.xtec.cat\/iesacumella\/wp-json\/wp\/v2\/posts\/7678","targetHints":{"allow":["GET"]}}],"collection":[{"href":"https:\/\/agora.xtec.cat\/iesacumella\/wp-json\/wp\/v2\/posts"}],"about":[{"href":"https:\/\/agora.xtec.cat\/iesacumella\/wp-json\/wp\/v2\/types\/post"}],"author":[{"embeddable":true,"href":"https:\/\/agora.xtec.cat\/iesacumella\/wp-json\/wp\/v2\/users\/1"}],"replies":[{"embeddable":true,"href":"https:\/\/agora.xtec.cat\/iesacumella\/wp-json\/wp\/v2\/comments?post=7678"}],"version-history":[{"count":2,"href":"https:\/\/agora.xtec.cat\/iesacumella\/wp-json\/wp\/v2\/posts\/7678\/revisions"}],"predecessor-version":[{"id":7686,"href":"https:\/\/agora.xtec.cat\/iesacumella\/wp-json\/wp\/v2\/posts\/7678\/revisions\/7686"}],"wp:attachment":[{"href":"https:\/\/agora.xtec.cat\/iesacumella\/wp-json\/wp\/v2\/media?parent=7678"}],"wp:term":[{"taxonomy":"category","embeddable":true,"href":"https:\/\/agora.xtec.cat\/iesacumella\/wp-json\/wp\/v2\/categories?post=7678"},{"taxonomy":"post_tag","embeddable":true,"href":"https:\/\/agora.xtec.cat\/iesacumella\/wp-json\/wp\/v2\/tags?post=7678"}],"curies":[{"name":"wp","href":"https:\/\/api.w.org\/{rel}","templated":true}]}}