{"id":7673,"date":"2020-12-24T11:24:08","date_gmt":"2020-12-24T10:24:08","guid":{"rendered":"http:\/\/agora.xtec.cat\/iesacumella\/?p=7673"},"modified":"2020-12-24T11:24:08","modified_gmt":"2020-12-24T10:24:08","slug":"estades-linguistiques-planoles","status":"publish","type":"post","link":"https:\/\/agora.xtec.cat\/iesacumella\/portada\/general\/estades-linguistiques-planoles\/","title":{"rendered":"Estades ling\u00fc\u00edstiques Planoles"},"content":{"rendered":"<p><span style=\"font-weight: 400;\">Deia Albert Einstein que si mires profundament en la natura, ho entens tot millor. I \u00e9s que aprendre \u00e9s tamb\u00e9 obrir-se al m\u00f3n i als recursos que ens ofereix. Amb aquesta convicci\u00f3, els passats 23, 24 i 25 de novembre, els alumnes de 3r d\u2019ESO, acompanyats d\u2019alguns docents, van passar tres dies en contacte amb la natura a Planoles, a l\u2019alberg Pere Figuera, gr\u00e0cies a la subvenci\u00f3 <\/span><span style=\"font-weight: 400;\">del Fons Social Europeu.\u00a0<\/span><\/p>\n<p><span style=\"font-weight: 400;\">Amb un programa d\u2019activitats competencials did\u00e0ctiques i l\u00fadiques en llengua anglesa, la proposta <\/span><i><span style=\"font-weight: 400;\">Natural Sciences <\/span><\/i><span style=\"font-weight: 400;\">va tenir com a eix vertebrador la descoberta de l\u2019entorn natural del poble per afavorir l\u2019aprenentatge de l\u2019angl\u00e8s com a llengua estrangera, aix\u00ed com per enfortir els valors\u00a0 i les actituds c\u00edviques, ecol\u00f2giques i de treball en equip. Din\u00e0miques de grup, jocs i passejades van servir de marc pr\u00e0ctic i vivencial perqu\u00e8 els alumnes compartissin experi\u00e8ncies \u00faniques en un context ideal i desenvolupessin una nova concepci\u00f3 de la llengua anglesa com a eina comunicativa i l\u00fadica.<\/span><\/p>\n<p><span style=\"font-weight: 400;\">De ben segur que, en un moment de tancament i restriccions com el que malauradament estem vivint, els alumnes <\/span><span style=\"font-family: inherit; font-size: 1em;\">recorden amb un somriu<\/span><span style=\"font-family: inherit; font-size: 1em;\">re tres dies de llibertat, d\u2019aprenentatge i de germanor en un entorn natural ben singular.<\/span><\/p>\n<p><a href=\"https:\/\/agora.xtec.cat\/iesacumella\/wp-content\/uploads\/usu1642\/2020\/12\/IMG_20201123_122844_opt.jpg\"><img loading=\"lazy\" decoding=\"async\" class=\"alignnone size-full wp-image-7669\" src=\"https:\/\/agora.xtec.cat\/iesacumella\/wp-content\/uploads\/usu1642\/2020\/12\/IMG_20201123_122844_opt.jpg\" alt=\"\" width=\"400\" height=\"299\" srcset=\"https:\/\/agora.xtec.cat\/iesacumella\/wp-content\/uploads\/usu1642\/2020\/12\/IMG_20201123_122844_opt.jpg 400w, https:\/\/agora.xtec.cat\/iesacumella\/wp-content\/uploads\/usu1642\/2020\/12\/IMG_20201123_122844_opt-300x224.jpg 300w, https:\/\/agora.xtec.cat\/iesacumella\/wp-content\/uploads\/usu1642\/2020\/12\/IMG_20201123_122844_opt-200x150.jpg 200w\" sizes=\"auto, (max-width: 400px) 100vw, 400px\" \/><\/a><a href=\"https:\/\/agora.xtec.cat\/iesacumella\/wp-content\/uploads\/usu1642\/2020\/12\/IMG_20201123_122815_opt.jpg\"><img loading=\"lazy\" decoding=\"async\" class=\"alignnone size-full wp-image-7668\" src=\"https:\/\/agora.xtec.cat\/iesacumella\/wp-content\/uploads\/usu1642\/2020\/12\/IMG_20201123_122815_opt.jpg\" alt=\"\" width=\"400\" height=\"299\" srcset=\"https:\/\/agora.xtec.cat\/iesacumella\/wp-content\/uploads\/usu1642\/2020\/12\/IMG_20201123_122815_opt.jpg 400w, https:\/\/agora.xtec.cat\/iesacumella\/wp-content\/uploads\/usu1642\/2020\/12\/IMG_20201123_122815_opt-300x224.jpg 300w, https:\/\/agora.xtec.cat\/iesacumella\/wp-content\/uploads\/usu1642\/2020\/12\/IMG_20201123_122815_opt-200x150.jpg 200w\" sizes=\"auto, (max-width: 400px) 100vw, 400px\" \/><\/a><a href=\"https:\/\/agora.xtec.cat\/iesacumella\/wp-content\/uploads\/usu1642\/2020\/12\/IMG_20201123_122807_opt.jpg\"><img loading=\"lazy\" decoding=\"async\" class=\"alignnone size-full wp-image-7667\" src=\"https:\/\/agora.xtec.cat\/iesacumella\/wp-content\/uploads\/usu1642\/2020\/12\/IMG_20201123_122807_opt.jpg\" alt=\"\" width=\"400\" height=\"299\" srcset=\"https:\/\/agora.xtec.cat\/iesacumella\/wp-content\/uploads\/usu1642\/2020\/12\/IMG_20201123_122807_opt.jpg 400w, https:\/\/agora.xtec.cat\/iesacumella\/wp-content\/uploads\/usu1642\/2020\/12\/IMG_20201123_122807_opt-300x224.jpg 300w, https:\/\/agora.xtec.cat\/iesacumella\/wp-content\/uploads\/usu1642\/2020\/12\/IMG_20201123_122807_opt-200x150.jpg 200w\" sizes=\"auto, (max-width: 400px) 100vw, 400px\" \/><\/a><a href=\"https:\/\/agora.xtec.cat\/iesacumella\/wp-content\/uploads\/usu1642\/2020\/12\/IMG-20201124-WA0004_opt.jpg\"><img loading=\"lazy\" decoding=\"async\" class=\"alignnone size-full wp-image-7674\" src=\"https:\/\/agora.xtec.cat\/iesacumella\/wp-content\/uploads\/usu1642\/2020\/12\/IMG-20201124-WA0004_opt.jpg\" alt=\"\" width=\"400\" height=\"300\" srcset=\"https:\/\/agora.xtec.cat\/iesacumella\/wp-content\/uploads\/usu1642\/2020\/12\/IMG-20201124-WA0004_opt.jpg 400w, https:\/\/agora.xtec.cat\/iesacumella\/wp-content\/uploads\/usu1642\/2020\/12\/IMG-20201124-WA0004_opt-300x225.jpg 300w, https:\/\/agora.xtec.cat\/iesacumella\/wp-content\/uploads\/usu1642\/2020\/12\/IMG-20201124-WA0004_opt-200x150.jpg 200w\" sizes=\"auto, (max-width: 400px) 100vw, 400px\" \/><\/a><a href=\"https:\/\/agora.xtec.cat\/iesacumella\/wp-content\/uploads\/usu1642\/2020\/12\/IMG-20201124-WA0005_opt.jpg\"><img loading=\"lazy\" decoding=\"async\" class=\"alignnone size-large wp-image-7675\" src=\"https:\/\/agora.xtec.cat\/iesacumella\/wp-content\/uploads\/usu1642\/2020\/12\/IMG-20201124-WA0005_opt.jpg\" alt=\"\" width=\"400\" height=\"300\" srcset=\"https:\/\/agora.xtec.cat\/iesacumella\/wp-content\/uploads\/usu1642\/2020\/12\/IMG-20201124-WA0005_opt.jpg 400w, https:\/\/agora.xtec.cat\/iesacumella\/wp-content\/uploads\/usu1642\/2020\/12\/IMG-20201124-WA0005_opt-300x225.jpg 300w, https:\/\/agora.xtec.cat\/iesacumella\/wp-content\/uploads\/usu1642\/2020\/12\/IMG-20201124-WA0005_opt-200x150.jpg 200w\" sizes=\"auto, (max-width: 400px) 100vw, 400px\" \/><\/a><a href=\"https:\/\/agora.xtec.cat\/iesacumella\/wp-content\/uploads\/usu1642\/2020\/12\/IMG-20201124-WA0011_opt.jpg\"><img loading=\"lazy\" decoding=\"async\" class=\"alignnone size-large wp-image-7676\" src=\"https:\/\/agora.xtec.cat\/iesacumella\/wp-content\/uploads\/usu1642\/2020\/12\/IMG-20201124-WA0011_opt.jpg\" alt=\"\" width=\"400\" height=\"300\" srcset=\"https:\/\/agora.xtec.cat\/iesacumella\/wp-content\/uploads\/usu1642\/2020\/12\/IMG-20201124-WA0011_opt.jpg 400w, https:\/\/agora.xtec.cat\/iesacumella\/wp-content\/uploads\/usu1642\/2020\/12\/IMG-20201124-WA0011_opt-300x225.jpg 300w, https:\/\/agora.xtec.cat\/iesacumella\/wp-content\/uploads\/usu1642\/2020\/12\/IMG-20201124-WA0011_opt-200x150.jpg 200w\" sizes=\"auto, (max-width: 400px) 100vw, 400px\" \/><\/a><\/p>\n","protected":false},"excerpt":{"rendered":"<p>Deia Albert Einstein que si mires profundament en la natura, ho entens tot millor. I \u00e9s que aprendre \u00e9s tamb\u00e9 obrir-se al m\u00f3n i als recursos que ens ofereix. Amb aquesta convicci\u00f3, els passats 23, 24 i 25 de novembre, els alumnes de 3r d\u2019ESO,&hellip;  <a href=\"https:\/\/agora.xtec.cat\/iesacumella\/portada\/general\/estades-linguistiques-planoles\/\" title=\"Read Estades ling\u00fc\u00edstiques Planoles\">Llegeix m\u00e9s\u00bb<\/a><\/p>\n","protected":false},"author":1,"featured_media":0,"comment_status":"closed","ping_status":"closed","sticky":false,"template":"","format":"standard","meta":{"_bbp_topic_count":0,"_bbp_reply_count":0,"_bbp_total_topic_count":0,"_bbp_total_reply_count":0,"_bbp_voice_count":0,"_bbp_anonymous_reply_count":0,"_bbp_topic_count_hidden":0,"_bbp_reply_count_hidden":0,"_bbp_forum_subforum_count":0,"footnotes":""},"categories":[1],"tags":[],"class_list":["post-7673","post","type-post","status-publish","format-standard","hentry","category-general"],"post_mailing_queue_ids":[],"_links":{"self":[{"href":"https:\/\/agora.xtec.cat\/iesacumella\/wp-json\/wp\/v2\/posts\/7673","targetHints":{"allow":["GET"]}}],"collection":[{"href":"https:\/\/agora.xtec.cat\/iesacumella\/wp-json\/wp\/v2\/posts"}],"about":[{"href":"https:\/\/agora.xtec.cat\/iesacumella\/wp-json\/wp\/v2\/types\/post"}],"author":[{"embeddable":true,"href":"https:\/\/agora.xtec.cat\/iesacumella\/wp-json\/wp\/v2\/users\/1"}],"replies":[{"embeddable":true,"href":"https:\/\/agora.xtec.cat\/iesacumella\/wp-json\/wp\/v2\/comments?post=7673"}],"version-history":[{"count":1,"href":"https:\/\/agora.xtec.cat\/iesacumella\/wp-json\/wp\/v2\/posts\/7673\/revisions"}],"predecessor-version":[{"id":7677,"href":"https:\/\/agora.xtec.cat\/iesacumella\/wp-json\/wp\/v2\/posts\/7673\/revisions\/7677"}],"wp:attachment":[{"href":"https:\/\/agora.xtec.cat\/iesacumella\/wp-json\/wp\/v2\/media?parent=7673"}],"wp:term":[{"taxonomy":"category","embeddable":true,"href":"https:\/\/agora.xtec.cat\/iesacumella\/wp-json\/wp\/v2\/categories?post=7673"},{"taxonomy":"post_tag","embeddable":true,"href":"https:\/\/agora.xtec.cat\/iesacumella\/wp-json\/wp\/v2\/tags?post=7673"}],"curies":[{"name":"wp","href":"https:\/\/api.w.org\/{rel}","templated":true}]}}