{"id":7641,"date":"2020-12-10T11:35:18","date_gmt":"2020-12-10T10:35:18","guid":{"rendered":"http:\/\/agora.xtec.cat\/iesacumella\/?p=7641"},"modified":"2020-12-10T12:28:52","modified_gmt":"2020-12-10T11:28:52","slug":"setmana-de-la-ciencia-2020","status":"publish","type":"post","link":"https:\/\/agora.xtec.cat\/iesacumella\/portada\/setmana-de-la-ciencia-2020\/","title":{"rendered":"Setmana de la ci\u00e8ncia 2020"},"content":{"rendered":"<p>Del 14 al 29 de novembre s\u2019ha celebrat a Catalunya la 25a Setmana de la Ci\u00e8ncia. Durant aquesta setmana s\u2019han dut a terme tot un munt d\u2019activitats de disseminaci\u00f3 cient\u00edfica arreu del nostre territori, adre\u00e7ades a promoure la ci\u00e8ncia i la tecnologia. L\u2019Institut Antoni Cumella tamb\u00e9 ha volgut participar-hi i durant una setmana s\u2019han realitzat diferents activitats per a tots els nivells:<\/p>\n<ul>\n<li>A 1r ESO han fet un p\u00f2ster digital d\u2019un personatge cient\u00edfic.<\/li>\n<li>A 2n ESO han dissenyat una infografia d\u2019un tema cient\u00edfic a escollir.<\/li>\n<li>A 3r i 4t ESO s&#8217;ha dut a terme un concurs de fotografia cient\u00edfica.<\/li>\n<li>A batxillerat es va fer el concurs de cartells publicitaris per la Setmana de la Ci\u00e8ncia.<\/li>\n<li>I finalment, per a tots els nivells va haver-hi un concurs d\u2019endevinalles cient\u00edfiques, el nostre trivial, amb un repte diari per a dues categories: la categoria verda per a 1r, 2n i 3r ESO i la categoria taronja per a 4t ESO i 1r i 2n de Batxillerat<\/li>\n<\/ul>\n<p>La participaci\u00f3 ha estat elevada i s\u2019han penjat al vest\u00edbul del centre alguns dels treballs realitzats, juntament amb una exposici\u00f3 de dones cient\u00edfiques de gran ress\u00f2. Ahir es va fer oficialment l\u2019entrega de premis. Els guanyadors s\u00f3n:<\/p>\n<p><strong>CONCURS FOTOGRAFIA CIENT\u00cdFICA (3r i 4t ESO)<\/strong><\/p>\n<ul>\n<li>1r Premi : Cristhin Jonary M.4t ESO C<\/li>\n<li>2n Premi: Ver\u00f3nica M. 4t ESO C<\/li>\n<\/ul>\n<p><a href=\"https:\/\/agora.xtec.cat\/iesacumella\/wp-content\/uploads\/usu1642\/2020\/12\/Concurs-fotografia-cient\u00edfica-1r-Premi-Cristhin-Jonary-M-4t-ESO-C.jpeg\"><img loading=\"lazy\" decoding=\"async\" class=\"alignnone size-medium wp-image-7644\" src=\"https:\/\/agora.xtec.cat\/iesacumella\/wp-content\/uploads\/usu1642\/2020\/12\/Concurs-fotografia-cient\u00edfica-1r-Premi-Cristhin-Jonary-M-4t-ESO-C-300x225.jpeg\" alt=\"\" width=\"300\" height=\"225\" srcset=\"https:\/\/agora.xtec.cat\/iesacumella\/wp-content\/uploads\/usu1642\/2020\/12\/Concurs-fotografia-cient\u00edfica-1r-Premi-Cristhin-Jonary-M-4t-ESO-C-300x225.jpeg 300w, https:\/\/agora.xtec.cat\/iesacumella\/wp-content\/uploads\/usu1642\/2020\/12\/Concurs-fotografia-cient\u00edfica-1r-Premi-Cristhin-Jonary-M-4t-ESO-C-768x576.jpeg 768w, https:\/\/agora.xtec.cat\/iesacumella\/wp-content\/uploads\/usu1642\/2020\/12\/Concurs-fotografia-cient\u00edfica-1r-Premi-Cristhin-Jonary-M-4t-ESO-C-1024x767.jpeg 1024w, https:\/\/agora.xtec.cat\/iesacumella\/wp-content\/uploads\/usu1642\/2020\/12\/Concurs-fotografia-cient\u00edfica-1r-Premi-Cristhin-Jonary-M-4t-ESO-C-200x150.jpeg 200w\" sizes=\"auto, (max-width: 300px) 100vw, 300px\" \/><\/a> <a href=\"https:\/\/agora.xtec.cat\/iesacumella\/wp-content\/uploads\/usu1642\/2020\/12\/Concurs-fotografia-cient\u00edfica-2n-Premi-Veronica-M-4t-ESO-C.jpeg\"><img loading=\"lazy\" decoding=\"async\" class=\"alignnone size-medium wp-image-7645\" src=\"https:\/\/agora.xtec.cat\/iesacumella\/wp-content\/uploads\/usu1642\/2020\/12\/Concurs-fotografia-cient\u00edfica-2n-Premi-Veronica-M-4t-ESO-C-300x202.jpeg\" alt=\"\" width=\"300\" height=\"202\" srcset=\"https:\/\/agora.xtec.cat\/iesacumella\/wp-content\/uploads\/usu1642\/2020\/12\/Concurs-fotografia-cient\u00edfica-2n-Premi-Veronica-M-4t-ESO-C-300x202.jpeg 300w, https:\/\/agora.xtec.cat\/iesacumella\/wp-content\/uploads\/usu1642\/2020\/12\/Concurs-fotografia-cient\u00edfica-2n-Premi-Veronica-M-4t-ESO-C-768x516.jpeg 768w, https:\/\/agora.xtec.cat\/iesacumella\/wp-content\/uploads\/usu1642\/2020\/12\/Concurs-fotografia-cient\u00edfica-2n-Premi-Veronica-M-4t-ESO-C-1024x688.jpeg 1024w\" sizes=\"auto, (max-width: 300px) 100vw, 300px\" \/><\/a><\/p>\n<p><strong>CONCURS TRIVIAL CIENT\u00cdFIC (tot el centre)<\/strong><\/p>\n<ul>\n<li>Premi Categoria Verda : Luc\u00eda S. 1r ESO B<\/li>\n<li>Premi Categoria Taronja: Pol J. 1r Batx A<\/li>\n<\/ul>\n<p><a href=\"https:\/\/agora.xtec.cat\/iesacumella\/wp-content\/uploads\/usu1642\/2020\/12\/Trivial-cient\u00edfic-categoria-verda-Luc\u00eda-S-1r-ESO-B.jpeg\"><img loading=\"lazy\" decoding=\"async\" class=\"alignnone size-medium wp-image-7646\" src=\"https:\/\/agora.xtec.cat\/iesacumella\/wp-content\/uploads\/usu1642\/2020\/12\/Trivial-cient\u00edfic-categoria-verda-Luc\u00eda-S-1r-ESO-B-300x225.jpeg\" alt=\"\" width=\"300\" height=\"225\" srcset=\"https:\/\/agora.xtec.cat\/iesacumella\/wp-content\/uploads\/usu1642\/2020\/12\/Trivial-cient\u00edfic-categoria-verda-Luc\u00eda-S-1r-ESO-B-300x225.jpeg 300w, https:\/\/agora.xtec.cat\/iesacumella\/wp-content\/uploads\/usu1642\/2020\/12\/Trivial-cient\u00edfic-categoria-verda-Luc\u00eda-S-1r-ESO-B-768x576.jpeg 768w, https:\/\/agora.xtec.cat\/iesacumella\/wp-content\/uploads\/usu1642\/2020\/12\/Trivial-cient\u00edfic-categoria-verda-Luc\u00eda-S-1r-ESO-B-1024x768.jpeg 1024w, https:\/\/agora.xtec.cat\/iesacumella\/wp-content\/uploads\/usu1642\/2020\/12\/Trivial-cient\u00edfic-categoria-verda-Luc\u00eda-S-1r-ESO-B-200x150.jpeg 200w\" sizes=\"auto, (max-width: 300px) 100vw, 300px\" \/><\/a> <a href=\"https:\/\/agora.xtec.cat\/iesacumella\/wp-content\/uploads\/usu1642\/2020\/12\/Trivial-cient\u00edfic-categoria-taronja-Pol-J-1r-Batx-A.jpeg\"><img loading=\"lazy\" decoding=\"async\" class=\"alignnone size-medium wp-image-7647\" src=\"https:\/\/agora.xtec.cat\/iesacumella\/wp-content\/uploads\/usu1642\/2020\/12\/Trivial-cient\u00edfic-categoria-taronja-Pol-J-1r-Batx-A-300x225.jpeg\" alt=\"\" width=\"300\" height=\"225\" srcset=\"https:\/\/agora.xtec.cat\/iesacumella\/wp-content\/uploads\/usu1642\/2020\/12\/Trivial-cient\u00edfic-categoria-taronja-Pol-J-1r-Batx-A-300x225.jpeg 300w, https:\/\/agora.xtec.cat\/iesacumella\/wp-content\/uploads\/usu1642\/2020\/12\/Trivial-cient\u00edfic-categoria-taronja-Pol-J-1r-Batx-A-768x576.jpeg 768w, https:\/\/agora.xtec.cat\/iesacumella\/wp-content\/uploads\/usu1642\/2020\/12\/Trivial-cient\u00edfic-categoria-taronja-Pol-J-1r-Batx-A-1024x767.jpeg 1024w, https:\/\/agora.xtec.cat\/iesacumella\/wp-content\/uploads\/usu1642\/2020\/12\/Trivial-cient\u00edfic-categoria-taronja-Pol-J-1r-Batx-A-200x150.jpeg 200w\" sizes=\"auto, (max-width: 300px) 100vw, 300px\" \/><\/a><\/p>\n<p><strong>CONCURS CARTELLS (batxillerat):<\/strong><\/p>\n<ul>\n<li>1r Premi: Gabriela E. 1r Batx A<\/li>\n<li>2n Premi: Erika A. 1r Batx B<\/li>\n<\/ul>\n<p><a href=\"https:\/\/agora.xtec.cat\/iesacumella\/wp-content\/uploads\/usu1642\/2020\/12\/Concurs-cartells-2n-Premi-Erika-A-1r-Batx-B.jpeg\"><img loading=\"lazy\" decoding=\"async\" class=\"alignnone size-medium wp-image-7648\" src=\"https:\/\/agora.xtec.cat\/iesacumella\/wp-content\/uploads\/usu1642\/2020\/12\/Concurs-cartells-2n-Premi-Erika-A-1r-Batx-B-300x225.jpeg\" alt=\"\" width=\"300\" height=\"225\" srcset=\"https:\/\/agora.xtec.cat\/iesacumella\/wp-content\/uploads\/usu1642\/2020\/12\/Concurs-cartells-2n-Premi-Erika-A-1r-Batx-B-300x225.jpeg 300w, https:\/\/agora.xtec.cat\/iesacumella\/wp-content\/uploads\/usu1642\/2020\/12\/Concurs-cartells-2n-Premi-Erika-A-1r-Batx-B-768x576.jpeg 768w, https:\/\/agora.xtec.cat\/iesacumella\/wp-content\/uploads\/usu1642\/2020\/12\/Concurs-cartells-2n-Premi-Erika-A-1r-Batx-B-1024x767.jpeg 1024w, https:\/\/agora.xtec.cat\/iesacumella\/wp-content\/uploads\/usu1642\/2020\/12\/Concurs-cartells-2n-Premi-Erika-A-1r-Batx-B-200x150.jpeg 200w\" sizes=\"auto, (max-width: 300px) 100vw, 300px\" \/><\/a> <a href=\"https:\/\/agora.xtec.cat\/iesacumella\/wp-content\/uploads\/usu1642\/2020\/12\/Concurs-cartells-1r-Premi-Gabriela-E-1r-Batx-A.jpeg\"><img loading=\"lazy\" decoding=\"async\" class=\"alignnone size-medium wp-image-7649\" src=\"https:\/\/agora.xtec.cat\/iesacumella\/wp-content\/uploads\/usu1642\/2020\/12\/Concurs-cartells-1r-Premi-Gabriela-E-1r-Batx-A-300x225.jpeg\" alt=\"\" width=\"300\" height=\"225\" srcset=\"https:\/\/agora.xtec.cat\/iesacumella\/wp-content\/uploads\/usu1642\/2020\/12\/Concurs-cartells-1r-Premi-Gabriela-E-1r-Batx-A-300x225.jpeg 300w, https:\/\/agora.xtec.cat\/iesacumella\/wp-content\/uploads\/usu1642\/2020\/12\/Concurs-cartells-1r-Premi-Gabriela-E-1r-Batx-A-768x575.jpeg 768w, https:\/\/agora.xtec.cat\/iesacumella\/wp-content\/uploads\/usu1642\/2020\/12\/Concurs-cartells-1r-Premi-Gabriela-E-1r-Batx-A-1024x767.jpeg 1024w, https:\/\/agora.xtec.cat\/iesacumella\/wp-content\/uploads\/usu1642\/2020\/12\/Concurs-cartells-1r-Premi-Gabriela-E-1r-Batx-A-200x150.jpeg 200w\" sizes=\"auto, (max-width: 300px) 100vw, 300px\" \/><\/a><\/p>\n<p>Enhorabona a tots els guanyadors i gr\u00e0cies a tots els participants.<\/p>\n<p><a href=\"https:\/\/agora.xtec.cat\/iesacumella\/wp-content\/uploads\/usu1642\/2020\/12\/Departament-ci\u00e8ncies.jpeg\"><img loading=\"lazy\" decoding=\"async\" class=\"aligncenter size-medium wp-image-7651\" src=\"https:\/\/agora.xtec.cat\/iesacumella\/wp-content\/uploads\/usu1642\/2020\/12\/Departament-ci\u00e8ncies-300x277.jpeg\" alt=\"\" width=\"300\" height=\"277\" srcset=\"https:\/\/agora.xtec.cat\/iesacumella\/wp-content\/uploads\/usu1642\/2020\/12\/Departament-ci\u00e8ncies-300x277.jpeg 300w, https:\/\/agora.xtec.cat\/iesacumella\/wp-content\/uploads\/usu1642\/2020\/12\/Departament-ci\u00e8ncies-768x710.jpeg 768w, https:\/\/agora.xtec.cat\/iesacumella\/wp-content\/uploads\/usu1642\/2020\/12\/Departament-ci\u00e8ncies-1024x947.jpeg 1024w, https:\/\/agora.xtec.cat\/iesacumella\/wp-content\/uploads\/usu1642\/2020\/12\/Departament-ci\u00e8ncies.jpeg 1799w\" sizes=\"auto, (max-width: 300px) 100vw, 300px\" \/><\/a><\/p>\n","protected":false},"excerpt":{"rendered":"<p>Del 14 al 29 de novembre s\u2019ha celebrat a Catalunya la 25a Setmana de la Ci\u00e8ncia. Durant aquesta setmana s\u2019han dut a terme tot un munt d\u2019activitats de disseminaci\u00f3 cient\u00edfica arreu del nostre territori, adre\u00e7ades a promoure la ci\u00e8ncia i la tecnologia. L\u2019Institut Antoni Cumella&hellip;  <a href=\"https:\/\/agora.xtec.cat\/iesacumella\/portada\/setmana-de-la-ciencia-2020\/\" title=\"Read Setmana de la ci\u00e8ncia 2020\">Llegeix m\u00e9s\u00bb<\/a><\/p>\n","protected":false},"author":1,"featured_media":0,"comment_status":"closed","ping_status":"closed","sticky":false,"template":"","format":"standard","meta":{"_bbp_topic_count":0,"_bbp_reply_count":0,"_bbp_total_topic_count":0,"_bbp_total_reply_count":0,"_bbp_voice_count":0,"_bbp_anonymous_reply_count":0,"_bbp_topic_count_hidden":0,"_bbp_reply_count_hidden":0,"_bbp_forum_subforum_count":0,"footnotes":""},"categories":[130,106,29],"tags":[],"class_list":["post-7641","post","type-post","status-publish","format-standard","hentry","category-ciencies-naturals","category-fisica-i-quimica","category-portada"],"post_mailing_queue_ids":[],"_links":{"self":[{"href":"https:\/\/agora.xtec.cat\/iesacumella\/wp-json\/wp\/v2\/posts\/7641","targetHints":{"allow":["GET"]}}],"collection":[{"href":"https:\/\/agora.xtec.cat\/iesacumella\/wp-json\/wp\/v2\/posts"}],"about":[{"href":"https:\/\/agora.xtec.cat\/iesacumella\/wp-json\/wp\/v2\/types\/post"}],"author":[{"embeddable":true,"href":"https:\/\/agora.xtec.cat\/iesacumella\/wp-json\/wp\/v2\/users\/1"}],"replies":[{"embeddable":true,"href":"https:\/\/agora.xtec.cat\/iesacumella\/wp-json\/wp\/v2\/comments?post=7641"}],"version-history":[{"count":2,"href":"https:\/\/agora.xtec.cat\/iesacumella\/wp-json\/wp\/v2\/posts\/7641\/revisions"}],"predecessor-version":[{"id":7652,"href":"https:\/\/agora.xtec.cat\/iesacumella\/wp-json\/wp\/v2\/posts\/7641\/revisions\/7652"}],"wp:attachment":[{"href":"https:\/\/agora.xtec.cat\/iesacumella\/wp-json\/wp\/v2\/media?parent=7641"}],"wp:term":[{"taxonomy":"category","embeddable":true,"href":"https:\/\/agora.xtec.cat\/iesacumella\/wp-json\/wp\/v2\/categories?post=7641"},{"taxonomy":"post_tag","embeddable":true,"href":"https:\/\/agora.xtec.cat\/iesacumella\/wp-json\/wp\/v2\/tags?post=7641"}],"curies":[{"name":"wp","href":"https:\/\/api.w.org\/{rel}","templated":true}]}}