{"id":7625,"date":"2020-11-30T08:05:47","date_gmt":"2020-11-30T07:05:47","guid":{"rendered":"http:\/\/agora.xtec.cat\/iesacumella\/?p=7625"},"modified":"2020-11-29T22:05:24","modified_gmt":"2020-11-29T21:05:24","slug":"25n-una-reflexio-imprescindible","status":"publish","type":"post","link":"https:\/\/agora.xtec.cat\/iesacumella\/portada\/25n-una-reflexio-imprescindible\/","title":{"rendered":"25N, una reflexi\u00f3 imprescindible"},"content":{"rendered":"<p style=\"margin: 12px auto 6px auto; font-family: Helvetica,Arial,Sans-serif; font-style: normal; font-variant: normal; font-weight: normal; font-size: 14px; line-height: normal; font-size-adjust: none; font-stretch: normal; -x-system-font: none; display: block;\">Estimades fam\u00edlies, aprofitant la commemoraci\u00f3 del dia contra la viol\u00e8ncia de g\u00e8nere el passat 25 de novembre, us fem arribar <a href=\"https:\/\/www.scribd.com\/document\/486293213\/25N-una-reflexio-imprescindible#from_embed\">aquesta carta<\/a> per compartir amb vosaltres la feina que s&#8217;est\u00e0 endegant al centre a trav\u00e9s de la comissi\u00f3 de coeducaci\u00f3.<\/p>\n<p><iframe loading=\"lazy\" src=\"https:\/\/www.scribd.com\/embeds\/486293213\/content?start_page=1&amp;view_mode=scroll&amp;access_key=key-l43rZJBFFtN24zXxpvj8\" width=\"100%\" height=\"600\" frameborder=\"0\" data-auto-height=\"false\" data-aspect-ratio=\"0.7068965517241379\"><\/iframe><\/p>\n","protected":false},"excerpt":{"rendered":"<p>Estimades fam\u00edlies, aprofitant la commemoraci\u00f3 del dia contra la viol\u00e8ncia de g\u00e8nere el passat 25 de novembre, us fem arribar <a href=\"https:\/\/www.scribd.com\/document\/486293213\/25N-una-reflexio-imprescindible#from_embed\">aquesta carta<\/a> per compartir amb vosaltres la feina que s&#8217;est\u00e0 endegant al centre a trav\u00e9s de la comissi\u00f3 de coeducaci\u00f3.<\/p>\n","protected":false},"author":1,"featured_media":0,"comment_status":"closed","ping_status":"closed","sticky":false,"template":"","format":"standard","meta":{"_bbp_topic_count":0,"_bbp_reply_count":0,"_bbp_total_topic_count":0,"_bbp_total_reply_count":0,"_bbp_voice_count":0,"_bbp_anonymous_reply_count":0,"_bbp_topic_count_hidden":0,"_bbp_reply_count_hidden":0,"_bbp_forum_subforum_count":0,"footnotes":""},"categories":[29],"tags":[],"class_list":["post-7625","post","type-post","status-publish","format-standard","hentry","category-portada"],"post_mailing_queue_ids":[],"_links":{"self":[{"href":"https:\/\/agora.xtec.cat\/iesacumella\/wp-json\/wp\/v2\/posts\/7625","targetHints":{"allow":["GET"]}}],"collection":[{"href":"https:\/\/agora.xtec.cat\/iesacumella\/wp-json\/wp\/v2\/posts"}],"about":[{"href":"https:\/\/agora.xtec.cat\/iesacumella\/wp-json\/wp\/v2\/types\/post"}],"author":[{"embeddable":true,"href":"https:\/\/agora.xtec.cat\/iesacumella\/wp-json\/wp\/v2\/users\/1"}],"replies":[{"embeddable":true,"href":"https:\/\/agora.xtec.cat\/iesacumella\/wp-json\/wp\/v2\/comments?post=7625"}],"version-history":[{"count":3,"href":"https:\/\/agora.xtec.cat\/iesacumella\/wp-json\/wp\/v2\/posts\/7625\/revisions"}],"predecessor-version":[{"id":7628,"href":"https:\/\/agora.xtec.cat\/iesacumella\/wp-json\/wp\/v2\/posts\/7625\/revisions\/7628"}],"wp:attachment":[{"href":"https:\/\/agora.xtec.cat\/iesacumella\/wp-json\/wp\/v2\/media?parent=7625"}],"wp:term":[{"taxonomy":"category","embeddable":true,"href":"https:\/\/agora.xtec.cat\/iesacumella\/wp-json\/wp\/v2\/categories?post=7625"},{"taxonomy":"post_tag","embeddable":true,"href":"https:\/\/agora.xtec.cat\/iesacumella\/wp-json\/wp\/v2\/tags?post=7625"}],"curies":[{"name":"wp","href":"https:\/\/api.w.org\/{rel}","templated":true}]}}