{"id":7604,"date":"2020-11-22T10:47:44","date_gmt":"2020-11-22T09:47:44","guid":{"rendered":"http:\/\/agora.xtec.cat\/iesacumella\/?p=7604"},"modified":"2020-11-22T10:50:40","modified_gmt":"2020-11-22T09:50:40","slug":"des-de-la-finestra","status":"publish","type":"post","link":"https:\/\/agora.xtec.cat\/iesacumella\/portada\/des-de-la-finestra\/","title":{"rendered":"Des de la finestra"},"content":{"rendered":"<p>L&#8217;alumnat de Cinematografia de 4t d&#8217;ESO s&#8217;aproxima al m\u00f3n de la fotografia a trav\u00e9s de la pr\u00e0ctica \u00ab<strong>Des de la finestra<\/strong>\u00bb, un element que ens posa en contacte amb l&#8217;exterior al mateix temps que ens en separa. Amb <a href=\"https:\/\/varicarames.com\/\">Var\u00ed Caram\u00e9s<\/a> com a referent, ens aproximem al seu univers fotogr\u00e0fic en qu\u00e8 la meteorologia i les diferents llums al llarg del dia es tornen protagonistes. Busquem suggerir, evocar i fer somiar l&#8217;espectador a trav\u00e9s d&#8217;aquestes visions personals del qu\u00e8 podem trobar fora.<\/p>\n<p>L&#8217;associaci\u00f3 cultural <strong>A Bao A Qu<\/strong> n&#8217;ha fet una selecci\u00f3 per exposar-la a la seva web: \u00ab<a href=\"http:\/\/www.fotografiaencurs.org\/ca\/content\/des-de-la-finestra-206\">Exploracions fotogr\u00e0fiques des de la finestra dels alumnes de l&#8217;Institut Antoni Cumella de Granollers<\/a>\u00bb.<\/p>\n<figure class=\"figure wp-caption aligncenter\"><a href=\"https:\/\/agora.xtec.cat\/iesacumella\/wp-content\/uploads\/usu1642\/2020\/11\/Desdelafinestra_INSACUMELLA_NoaGibello.jpg\"><img loading=\"lazy\" decoding=\"async\" class=\"wp-image-7605 size-full\" src=\"https:\/\/agora.xtec.cat\/iesacumella\/wp-content\/uploads\/usu1642\/2020\/11\/Desdelafinestra_INSACUMELLA_NoaGibello.jpg\" alt=\"\" width=\"540\" height=\"381\" srcset=\"https:\/\/agora.xtec.cat\/iesacumella\/wp-content\/uploads\/usu1642\/2020\/11\/Desdelafinestra_INSACUMELLA_NoaGibello.jpg 540w, https:\/\/agora.xtec.cat\/iesacumella\/wp-content\/uploads\/usu1642\/2020\/11\/Desdelafinestra_INSACUMELLA_NoaGibello-300x212.jpg 300w\" sizes=\"auto, (max-width: 540px) 100vw, 540px\" \/><\/a><figcaption class=\"wp-caption-text\"><em>Des de la finestra.<\/em> Noa Gibello<\/figcaption><\/figure>\n","protected":false},"excerpt":{"rendered":"<p>L&#8217;alumnat de Cinematografia de 4t d&#8217;ESO s&#8217;aproxima al m\u00f3n de la fotografia a trav\u00e9s de la pr\u00e0ctica \u00abDes de la finestra\u00bb, un element que ens posa en contacte amb l&#8217;exterior al mateix temps que ens en separa. Amb <a href=\"https:\/\/varicarames.com\/\">Var\u00ed Caram\u00e9s<\/a> com a referent, ens&hellip;  <a href=\"https:\/\/agora.xtec.cat\/iesacumella\/portada\/des-de-la-finestra\/\" title=\"Read Des de la finestra\">Llegeix m\u00e9s\u00bb<\/a><\/p>\n","protected":false},"author":1,"featured_media":0,"comment_status":"closed","ping_status":"closed","sticky":false,"template":"","format":"standard","meta":{"_bbp_topic_count":0,"_bbp_reply_count":0,"_bbp_total_topic_count":0,"_bbp_total_reply_count":0,"_bbp_voice_count":0,"_bbp_anonymous_reply_count":0,"_bbp_topic_count_hidden":0,"_bbp_reply_count_hidden":0,"_bbp_forum_subforum_count":0,"footnotes":""},"categories":[128,29,124],"tags":[],"class_list":["post-7604","post","type-post","status-publish","format-standard","hentry","category-4rt-eso","category-portada","category-visual-i-plastica"],"post_mailing_queue_ids":[],"_links":{"self":[{"href":"https:\/\/agora.xtec.cat\/iesacumella\/wp-json\/wp\/v2\/posts\/7604","targetHints":{"allow":["GET"]}}],"collection":[{"href":"https:\/\/agora.xtec.cat\/iesacumella\/wp-json\/wp\/v2\/posts"}],"about":[{"href":"https:\/\/agora.xtec.cat\/iesacumella\/wp-json\/wp\/v2\/types\/post"}],"author":[{"embeddable":true,"href":"https:\/\/agora.xtec.cat\/iesacumella\/wp-json\/wp\/v2\/users\/1"}],"replies":[{"embeddable":true,"href":"https:\/\/agora.xtec.cat\/iesacumella\/wp-json\/wp\/v2\/comments?post=7604"}],"version-history":[{"count":3,"href":"https:\/\/agora.xtec.cat\/iesacumella\/wp-json\/wp\/v2\/posts\/7604\/revisions"}],"predecessor-version":[{"id":7612,"href":"https:\/\/agora.xtec.cat\/iesacumella\/wp-json\/wp\/v2\/posts\/7604\/revisions\/7612"}],"wp:attachment":[{"href":"https:\/\/agora.xtec.cat\/iesacumella\/wp-json\/wp\/v2\/media?parent=7604"}],"wp:term":[{"taxonomy":"category","embeddable":true,"href":"https:\/\/agora.xtec.cat\/iesacumella\/wp-json\/wp\/v2\/categories?post=7604"},{"taxonomy":"post_tag","embeddable":true,"href":"https:\/\/agora.xtec.cat\/iesacumella\/wp-json\/wp\/v2\/tags?post=7604"}],"curies":[{"name":"wp","href":"https:\/\/api.w.org\/{rel}","templated":true}]}}