{"id":7564,"date":"2020-11-15T17:37:56","date_gmt":"2020-11-15T16:37:56","guid":{"rendered":"http:\/\/agora.xtec.cat\/iesacumella\/?p=7564"},"modified":"2020-11-15T17:42:09","modified_gmt":"2020-11-15T16:42:09","slug":"comenca-el-trivial-cientific-de-la-setmana-de-la-ciencia","status":"publish","type":"post","link":"https:\/\/agora.xtec.cat\/iesacumella\/portada\/general\/comenca-el-trivial-cientific-de-la-setmana-de-la-ciencia\/","title":{"rendered":"Comen\u00e7a el trivial cient\u00edfic de la setmana de la ci\u00e8ncia!"},"content":{"rendered":"<p>Dem\u00e0 comen\u00e7a la setmana de la ci\u00e8ncia a l&#8217;institut, i tamb\u00e9 el trivial cient\u00edfic. Cada dia de la setmana es penjar\u00e0 una pregunta cient\u00edfica per cada una de les categories: verda (1r, 2n i 3r d&#8217;ESO) i taronja (4t d&#8217;ESO i Batxillerat).<\/p>\n<p>El dia 20 penjarem un formulari per contestar totes les preguntes. La data l\u00edmit \u00e9s el <strong>30 de novembre<\/strong>.<\/p>\n<p><a href=\"https:\/\/agora.xtec.cat\/iesacumella\/wp-content\/uploads\/usu1642\/2020\/11\/trivial-2020.jpg\"><img loading=\"lazy\" decoding=\"async\" class=\"aligncenter size-large wp-image-7565\" src=\"https:\/\/agora.xtec.cat\/iesacumella\/wp-content\/uploads\/usu1642\/2020\/11\/trivial-2020-724x1024.jpg\" alt=\"\" width=\"724\" height=\"1024\" srcset=\"https:\/\/agora.xtec.cat\/iesacumella\/wp-content\/uploads\/usu1642\/2020\/11\/trivial-2020-724x1024.jpg 724w, https:\/\/agora.xtec.cat\/iesacumella\/wp-content\/uploads\/usu1642\/2020\/11\/trivial-2020-212x300.jpg 212w, https:\/\/agora.xtec.cat\/iesacumella\/wp-content\/uploads\/usu1642\/2020\/11\/trivial-2020-768x1086.jpg 768w, https:\/\/agora.xtec.cat\/iesacumella\/wp-content\/uploads\/usu1642\/2020\/11\/trivial-2020.jpg 1587w\" sizes=\"auto, (max-width: 724px) 100vw, 724px\" \/><\/a><\/p>\n<p>&nbsp;<\/p>\n","protected":false},"excerpt":{"rendered":"<p>Dem\u00e0 comen\u00e7a la setmana de la ci\u00e8ncia a l&#8217;institut, i tamb\u00e9 el trivial cient\u00edfic. Cada dia de la setmana es penjar\u00e0 una pregunta cient\u00edfica per cada una de les categories: verda (1r, 2n i 3r d&#8217;ESO) i taronja (4t d&#8217;ESO i Batxillerat).<br \/>\nEl dia 20 penjarem&hellip;  <a href=\"https:\/\/agora.xtec.cat\/iesacumella\/portada\/general\/comenca-el-trivial-cientific-de-la-setmana-de-la-ciencia\/\" title=\"Read Comen\u00e7a el trivial cient\u00edfic de la setmana de la ci\u00e8ncia!\">Llegeix m\u00e9s\u00bb<\/a><\/p>\n","protected":false},"author":1,"featured_media":0,"comment_status":"closed","ping_status":"closed","sticky":false,"template":"","format":"standard","meta":{"_bbp_topic_count":0,"_bbp_reply_count":0,"_bbp_total_topic_count":0,"_bbp_total_reply_count":0,"_bbp_voice_count":0,"_bbp_anonymous_reply_count":0,"_bbp_topic_count_hidden":0,"_bbp_reply_count_hidden":0,"_bbp_forum_subforum_count":0,"footnotes":""},"categories":[130,106,1,29],"tags":[],"class_list":["post-7564","post","type-post","status-publish","format-standard","hentry","category-ciencies-naturals","category-fisica-i-quimica","category-general","category-portada"],"post_mailing_queue_ids":[],"_links":{"self":[{"href":"https:\/\/agora.xtec.cat\/iesacumella\/wp-json\/wp\/v2\/posts\/7564","targetHints":{"allow":["GET"]}}],"collection":[{"href":"https:\/\/agora.xtec.cat\/iesacumella\/wp-json\/wp\/v2\/posts"}],"about":[{"href":"https:\/\/agora.xtec.cat\/iesacumella\/wp-json\/wp\/v2\/types\/post"}],"author":[{"embeddable":true,"href":"https:\/\/agora.xtec.cat\/iesacumella\/wp-json\/wp\/v2\/users\/1"}],"replies":[{"embeddable":true,"href":"https:\/\/agora.xtec.cat\/iesacumella\/wp-json\/wp\/v2\/comments?post=7564"}],"version-history":[{"count":1,"href":"https:\/\/agora.xtec.cat\/iesacumella\/wp-json\/wp\/v2\/posts\/7564\/revisions"}],"predecessor-version":[{"id":7566,"href":"https:\/\/agora.xtec.cat\/iesacumella\/wp-json\/wp\/v2\/posts\/7564\/revisions\/7566"}],"wp:attachment":[{"href":"https:\/\/agora.xtec.cat\/iesacumella\/wp-json\/wp\/v2\/media?parent=7564"}],"wp:term":[{"taxonomy":"category","embeddable":true,"href":"https:\/\/agora.xtec.cat\/iesacumella\/wp-json\/wp\/v2\/categories?post=7564"},{"taxonomy":"post_tag","embeddable":true,"href":"https:\/\/agora.xtec.cat\/iesacumella\/wp-json\/wp\/v2\/tags?post=7564"}],"curies":[{"name":"wp","href":"https:\/\/api.w.org\/{rel}","templated":true}]}}