{"id":7535,"date":"2020-09-14T19:18:37","date_gmt":"2020-09-14T17:18:37","guid":{"rendered":"http:\/\/agora.xtec.cat\/iesacumella\/?p=7535"},"modified":"2020-09-14T19:18:37","modified_gmt":"2020-09-14T17:18:37","slug":"pla-dorganitzacio-de-centre-2020-2021","status":"publish","type":"post","link":"https:\/\/agora.xtec.cat\/iesacumella\/portada\/estudis\/eso\/pla-dorganitzacio-de-centre-2020-2021\/","title":{"rendered":"Pla d&#8217;organitzaci\u00f3 de centre 2020 &#8211; 2021"},"content":{"rendered":"<p>En aquest enlla\u00e7 podeu visualitzar el <strong>Pla d&#8217;organitzaci\u00f3 de centre 2020 &#8211; 2021<\/strong> aprovat pel Consell Escolar dimarts 8 de setembre de 2020.<\/p>\n<p><strong>Us desitgem un bon inici de curs!<\/strong><\/p>\n<p style=\"margin: 12px auto 6px auto; font-family: Helvetica,Arial,Sans-serif; font-style: normal; font-variant: normal; font-weight: normal; font-size: 14px; line-height: normal; font-size-adjust: none; font-stretch: normal; -x-system-font: none; display: block;\">\n<p><iframe loading=\"lazy\" src=\"https:\/\/www.scribd.com\/embeds\/476015147\/content?start_page=1&amp;view_mode=scroll&amp;access_key=key-jBRbui88GzvHRd7Py8gG\" width=\"100%\" height=\"600\" frameborder=\"0\" data-auto-height=\"true\" data-aspect-ratio=\"0.7080062794348508\"><\/iframe><script type=\"text\/javascript\">(function() { var scribd = document.createElement(\"script\"); scribd.type = \"text\/javascript\"; scribd.async = true; scribd.src = \"https:\/\/www.scribd.com\/javascripts\/embed_code\/inject.js\"; var s = document.getElementsByTagName(\"script\")[0]; s.parentNode.insertBefore(scribd, s); })();<\/script><\/p>\n","protected":false},"excerpt":{"rendered":"<p>En aquest enlla\u00e7 podeu visualitzar el Pla d&#8217;organitzaci\u00f3 de centre 2020 &#8211; 2021 aprovat pel Consell Escolar dimarts 8 de setembre de 2020.<br \/>\nUs desitgem un bon inici de curs!<\/p>\n","protected":false},"author":1,"featured_media":0,"comment_status":"closed","ping_status":"closed","sticky":false,"template":"","format":"standard","meta":{"_bbp_topic_count":0,"_bbp_reply_count":0,"_bbp_total_topic_count":0,"_bbp_total_reply_count":0,"_bbp_voice_count":0,"_bbp_anonymous_reply_count":0,"_bbp_topic_count_hidden":0,"_bbp_reply_count_hidden":0,"_bbp_forum_subforum_count":0,"footnotes":""},"categories":[8,3,29],"tags":[],"class_list":["post-7535","post","type-post","status-publish","format-standard","hentry","category-batxillerat","category-eso","category-portada"],"post_mailing_queue_ids":[],"_links":{"self":[{"href":"https:\/\/agora.xtec.cat\/iesacumella\/wp-json\/wp\/v2\/posts\/7535","targetHints":{"allow":["GET"]}}],"collection":[{"href":"https:\/\/agora.xtec.cat\/iesacumella\/wp-json\/wp\/v2\/posts"}],"about":[{"href":"https:\/\/agora.xtec.cat\/iesacumella\/wp-json\/wp\/v2\/types\/post"}],"author":[{"embeddable":true,"href":"https:\/\/agora.xtec.cat\/iesacumella\/wp-json\/wp\/v2\/users\/1"}],"replies":[{"embeddable":true,"href":"https:\/\/agora.xtec.cat\/iesacumella\/wp-json\/wp\/v2\/comments?post=7535"}],"version-history":[{"count":1,"href":"https:\/\/agora.xtec.cat\/iesacumella\/wp-json\/wp\/v2\/posts\/7535\/revisions"}],"predecessor-version":[{"id":7536,"href":"https:\/\/agora.xtec.cat\/iesacumella\/wp-json\/wp\/v2\/posts\/7535\/revisions\/7536"}],"wp:attachment":[{"href":"https:\/\/agora.xtec.cat\/iesacumella\/wp-json\/wp\/v2\/media?parent=7535"}],"wp:term":[{"taxonomy":"category","embeddable":true,"href":"https:\/\/agora.xtec.cat\/iesacumella\/wp-json\/wp\/v2\/categories?post=7535"},{"taxonomy":"post_tag","embeddable":true,"href":"https:\/\/agora.xtec.cat\/iesacumella\/wp-json\/wp\/v2\/tags?post=7535"}],"curies":[{"name":"wp","href":"https:\/\/api.w.org\/{rel}","templated":true}]}}