{"id":7521,"date":"2020-09-08T19:20:48","date_gmt":"2020-09-08T17:20:48","guid":{"rendered":"http:\/\/agora.xtec.cat\/iesacumella\/?p=7521"},"modified":"2020-09-08T22:00:09","modified_gmt":"2020-09-08T20:00:09","slug":"acollida-del-primer-dia-2020-2021","status":"publish","type":"post","link":"https:\/\/agora.xtec.cat\/iesacumella\/portada\/general\/acollida-del-primer-dia-2020-2021\/","title":{"rendered":"Acollida del primer dia (2020-2021)"},"content":{"rendered":"<p>El proper dilluns 14 farem l&#8217;acolliment dels alumnes d&#8217;ESO i Batxillerat. Les hores i el lloc d&#8217;entrada s\u00f3n:<\/p>\n<table style=\"width: 533px; height: 385px;\">\n<tbody>\n<tr>\n<td style=\"width: 85px; background-color: #ffbb00;\">Grup<\/td>\n<td style=\"width: 75px; background-color: #ffbb00;\">Entrada<\/td>\n<td style=\"width: 281px; background-color: #ffbb00;\">Lloc<\/td>\n<td style=\"width: 80px; background-color: #ffbb00;\">Sortida<\/td>\n<\/tr>\n<tr>\n<td style=\"width: 85px;\">1r d&#8217;ESO<\/td>\n<td style=\"width: 75px;\">09:00<\/td>\n<td style=\"width: 281px;\">Recollida a la pla\u00e7a davant de l&#8217;institut<\/td>\n<td style=\"width: 80px;\">12:00<\/td>\n<\/tr>\n<tr>\n<td style=\"width: 85px; background-color: #dddddd;\">2n d&#8217;ESO<\/td>\n<td style=\"width: 75px; background-color: #dddddd;\">10:00<\/td>\n<td style=\"width: 281px; background-color: #dddddd;\">Recollida a l&#8217;entrada principal de l&#8217;institut<\/td>\n<td style=\"width: 80px; background-color: #dddddd;\">11:30<\/td>\n<\/tr>\n<tr>\n<td style=\"width: 85px;\">3r d&#8217;ESO<\/td>\n<td style=\"width: 75px;\">10:30<\/td>\n<td style=\"width: 281px;\">Recollida al pati, davant de la cantina (entrada pel c. Roger de Flor)<\/td>\n<td style=\"width: 80px;\">12:00<\/td>\n<\/tr>\n<tr>\n<td style=\"width: 85px; background-color: #dddddd;\">4t d&#8217;ESO<\/td>\n<td style=\"width: 75px; background-color: #dddddd;\">11:00<\/td>\n<td style=\"width: 281px; background-color: #dddddd;\">Recollida al pati, davant de les aules de batxillerat (entrada pel c. Roger de Flor)<\/td>\n<td style=\"width: 80px; background-color: #dddddd;\">12:30<\/td>\n<\/tr>\n<tr>\n<td style=\"width: 85px;\">Batxillerat di\u00fcrn<\/td>\n<td style=\"width: 75px;\">11:30<\/td>\n<td style=\"width: 281px;\">Recollida al pati, davant de la porta d&#8217;acc\u00e9s al p\u00e0rquing (entrada pel c. Roger de Flor)<\/td>\n<td style=\"width: 80px;\">13:00<\/td>\n<\/tr>\n<tr>\n<td style=\"width: 85px; background-color: #dddddd;\">Batxillerat nocturn<\/td>\n<td style=\"width: 75px; background-color: #dddddd;\">18:00<\/td>\n<td style=\"width: 281px; background-color: #dddddd;\">Recollida a l&#8217;entrada principal de l&#8217;institut<\/td>\n<td style=\"width: 80px; background-color: #dddddd;\">20:00<\/td>\n<\/tr>\n<\/tbody>\n<\/table>\n<h2>Acolliment dels alumnes<\/h2>\n<ul>\n<li><a href=\"https:\/\/drive.google.com\/file\/d\/1_f2nchhJUNd1G6-o_3uniUXb8tpLUb7w\/view?usp=sharing\">Acolliment dels alumnes de 1r d&#8217;ESO<\/a><\/li>\n<li><a href=\"https:\/\/drive.google.com\/file\/d\/1Haaju95o3xPCCKdiDv4Og09W-WadCx8W\/view?usp=sharing\">Acolliment dels alumnes de 2n d&#8217;ESO<\/a><\/li>\n<li><a href=\"https:\/\/drive.google.com\/file\/d\/1Qve3DgMd_EqMxydlFsF1L0RARddSZLNX\/view?usp=sharing\">Acolliment dels alumnes de 3r d&#8217;ESO<\/a><\/li>\n<li><a href=\"https:\/\/drive.google.com\/file\/d\/122tltnZBpTnUUBBB2VZkBwfMdPirWi4E\/view?usp=sharing\">Acolliment dels alumnes de 4t d&#8217;ESO<\/a><\/li>\n<li><a href=\"https:\/\/drive.google.com\/file\/d\/1ZNLh3Xufzc5L0fZvs27K3NO8FMukpwnC\/view?usp=sharing\">Acolliment dels alumnes de Batxillerat di\u00fcrn<\/a><\/li>\n<li><a href=\"https:\/\/drive.google.com\/file\/d\/19ycR2rdO6YoQPKKCnXOCQ6sbJAeU-w3H\/view?usp=sharing\">Acolliment dels alumnes de Batxillerat nocturn<\/a><\/li>\n<\/ul>\n<h2>Accessos<\/h2>\n<p>L&#8217;acc\u00e9s de <strong>1r d&#8217;ESO<\/strong> es far\u00e0 des de la pla\u00e7a de davant de l&#8217;institut, on els tutors recolliran els alumnes de cada grup. L&#8217;acc\u00e9s de <strong>2n d&#8217;ESO<\/strong> es far\u00e0 des del pati de l&#8217;entrada de l&#8217;institut.<\/p>\n<p><a href=\"https:\/\/agora.xtec.cat\/iesacumella\/wp-content\/uploads\/usu1642\/2020\/09\/Acc\u00e9s-1ESO-i-2ESO.jpg\"><img loading=\"lazy\" decoding=\"async\" class=\"alignnone size-full wp-image-7523\" src=\"https:\/\/agora.xtec.cat\/iesacumella\/wp-content\/uploads\/usu1642\/2020\/09\/Acc\u00e9s-1ESO-i-2ESO.jpg\" alt=\"\" width=\"529\" height=\"479\" srcset=\"https:\/\/agora.xtec.cat\/iesacumella\/wp-content\/uploads\/usu1642\/2020\/09\/Acc\u00e9s-1ESO-i-2ESO.jpg 529w, https:\/\/agora.xtec.cat\/iesacumella\/wp-content\/uploads\/usu1642\/2020\/09\/Acc\u00e9s-1ESO-i-2ESO-300x272.jpg 300w\" sizes=\"auto, (max-width: 529px) 100vw, 529px\" \/><\/a><\/p>\n<p>L&#8217;acc\u00e9s de <strong>3r i 4t d&#8217;ESO<\/strong> i del <strong>Batxillerat di\u00fcrn<\/strong> es far\u00e0 des del pati. Cal entrar per la porta del c. Roger de Flor.<\/p>\n<p><a href=\"https:\/\/agora.xtec.cat\/iesacumella\/wp-content\/uploads\/usu1642\/2020\/09\/Acc\u00e9s-3ESO-4ESO-i-BAT.jpg\"><img loading=\"lazy\" decoding=\"async\" class=\"alignnone size-full wp-image-7524\" src=\"https:\/\/agora.xtec.cat\/iesacumella\/wp-content\/uploads\/usu1642\/2020\/09\/Acc\u00e9s-3ESO-4ESO-i-BAT.jpg\" alt=\"\" width=\"639\" height=\"547\" srcset=\"https:\/\/agora.xtec.cat\/iesacumella\/wp-content\/uploads\/usu1642\/2020\/09\/Acc\u00e9s-3ESO-4ESO-i-BAT.jpg 639w, https:\/\/agora.xtec.cat\/iesacumella\/wp-content\/uploads\/usu1642\/2020\/09\/Acc\u00e9s-3ESO-4ESO-i-BAT-300x257.jpg 300w\" sizes=\"auto, (max-width: 639px) 100vw, 639px\" \/><\/a><\/p>\n<p>L&#8217;acc\u00e9s del <strong>Batxillerat nocturn<\/strong> es far\u00e0 des del pati de l&#8217;entrada de l&#8217;institut.<\/p>\n<p><a href=\"https:\/\/agora.xtec.cat\/iesacumella\/wp-content\/uploads\/usu1642\/2020\/09\/Acc\u00e9s-BAT-Nocturn.jpg\"><img loading=\"lazy\" decoding=\"async\" class=\"alignnone size-full wp-image-7525\" src=\"https:\/\/agora.xtec.cat\/iesacumella\/wp-content\/uploads\/usu1642\/2020\/09\/Acc\u00e9s-BAT-Nocturn.jpg\" alt=\"\" width=\"531\" height=\"481\" srcset=\"https:\/\/agora.xtec.cat\/iesacumella\/wp-content\/uploads\/usu1642\/2020\/09\/Acc\u00e9s-BAT-Nocturn.jpg 531w, https:\/\/agora.xtec.cat\/iesacumella\/wp-content\/uploads\/usu1642\/2020\/09\/Acc\u00e9s-BAT-Nocturn-300x272.jpg 300w\" sizes=\"auto, (max-width: 531px) 100vw, 531px\" \/><\/a><\/p>\n","protected":false},"excerpt":{"rendered":"<p>El proper dilluns 14 farem l&#8217;acolliment dels alumnes d&#8217;ESO i Batxillerat. Les hores i el lloc d&#8217;entrada s\u00f3n:<\/p>\n<p>Grup<br \/>\nEntrada<br \/>\nLloc<br \/>\nSortida<\/p>\n<p>1r d&#8217;ESO<br \/>\n09:00<br \/>\nRecollida a la pla\u00e7a davant de l&#8217;institut<br \/>\n12:00<\/p>\n<p>2n d&#8217;ESO<br \/>\n10:00<br \/>\nRecollida a l&#8217;entrada principal de l&#8217;institut<br \/>\n11:30<\/p>\n<p>3r d&#8217;ESO<br \/>\n10:30<br \/>\nRecollida al pati, davant de la cantina (entrada pel c. Roger de Flor)<br \/>\n12:00<\/p>\n<p>4t d&#8217;ESO<br \/>\n11:00<br \/>\nRecollida&hellip;  <a href=\"https:\/\/agora.xtec.cat\/iesacumella\/portada\/general\/acollida-del-primer-dia-2020-2021\/\" title=\"Read Acollida del primer dia (2020-2021)\">Llegeix m\u00e9s\u00bb<\/a><\/p>\n","protected":false},"author":1,"featured_media":0,"comment_status":"closed","ping_status":"closed","sticky":false,"template":"","format":"standard","meta":{"_bbp_topic_count":0,"_bbp_reply_count":0,"_bbp_total_topic_count":0,"_bbp_total_reply_count":0,"_bbp_voice_count":0,"_bbp_anonymous_reply_count":0,"_bbp_topic_count_hidden":0,"_bbp_reply_count_hidden":0,"_bbp_forum_subforum_count":0,"footnotes":""},"categories":[1],"tags":[],"class_list":["post-7521","post","type-post","status-publish","format-standard","hentry","category-general"],"post_mailing_queue_ids":[],"_links":{"self":[{"href":"https:\/\/agora.xtec.cat\/iesacumella\/wp-json\/wp\/v2\/posts\/7521","targetHints":{"allow":["GET"]}}],"collection":[{"href":"https:\/\/agora.xtec.cat\/iesacumella\/wp-json\/wp\/v2\/posts"}],"about":[{"href":"https:\/\/agora.xtec.cat\/iesacumella\/wp-json\/wp\/v2\/types\/post"}],"author":[{"embeddable":true,"href":"https:\/\/agora.xtec.cat\/iesacumella\/wp-json\/wp\/v2\/users\/1"}],"replies":[{"embeddable":true,"href":"https:\/\/agora.xtec.cat\/iesacumella\/wp-json\/wp\/v2\/comments?post=7521"}],"version-history":[{"count":3,"href":"https:\/\/agora.xtec.cat\/iesacumella\/wp-json\/wp\/v2\/posts\/7521\/revisions"}],"predecessor-version":[{"id":7534,"href":"https:\/\/agora.xtec.cat\/iesacumella\/wp-json\/wp\/v2\/posts\/7521\/revisions\/7534"}],"wp:attachment":[{"href":"https:\/\/agora.xtec.cat\/iesacumella\/wp-json\/wp\/v2\/media?parent=7521"}],"wp:term":[{"taxonomy":"category","embeddable":true,"href":"https:\/\/agora.xtec.cat\/iesacumella\/wp-json\/wp\/v2\/categories?post=7521"},{"taxonomy":"post_tag","embeddable":true,"href":"https:\/\/agora.xtec.cat\/iesacumella\/wp-json\/wp\/v2\/tags?post=7521"}],"curies":[{"name":"wp","href":"https:\/\/api.w.org\/{rel}","templated":true}]}}