{"id":7519,"date":"2020-09-07T22:24:01","date_gmt":"2020-09-07T20:24:01","guid":{"rendered":"http:\/\/agora.xtec.cat\/iesacumella\/?p=7519"},"modified":"2020-09-08T19:22:41","modified_gmt":"2020-09-08T17:22:41","slug":"organitzacio-de-les-entrades-i-sortides-2020-2021","status":"publish","type":"post","link":"https:\/\/agora.xtec.cat\/iesacumella\/portada\/general\/organitzacio-de-les-entrades-i-sortides-2020-2021\/","title":{"rendered":"Organitzaci\u00f3 de les entrades i sortides (2020-2021)"},"content":{"rendered":"<p>A partir del dimarts 15 de setembre, les entrades i sortides es faran de manera esglaonada i a trav\u00e9s de diferents accessos. Podeu consultar l&#8217;organitzaci\u00f3 i els horaris al seg\u00fcent document:<\/p>\n<p style=\"margin: 12px auto 6px auto; font-family: Helvetica,Arial,Sans-serif; font-style: normal; font-variant: normal; font-weight: normal; font-size: 14px; line-height: normal; font-size-adjust: none; font-stretch: normal; -x-system-font: none; display: block;\"><a style=\"text-decoration: underline;\" title=\"View Organitzaci\u00f3 de les entrades i sortides on Scribd\" href=\"https:\/\/www.scribd.com\/document\/475178713\/Organitzacio-de-les-entrades-i-sortides#from_embed\">Organitzaci\u00f3 de les entrades i sortides<\/a> by <a style=\"text-decoration: underline;\" title=\"View Comunicacio Ins Antoni Cumella's profile on Scribd\" href=\"https:\/\/www.scribd.com\/user\/364765361\/Comunicacio-Ins-Antoni-Cumella#from_embed\">Comunicacio Ins Antoni Cumella<\/a> on Scribd<\/p>\n<p><iframe loading=\"lazy\" src=\"https:\/\/www.scribd.com\/embeds\/475178713\/content?start_page=1&amp;view_mode=scroll&amp;access_key=key-MU2jUsNDGnn1mWrCccwJ\" width=\"100%\" height=\"600\" frameborder=\"0\" data-auto-height=\"false\" data-aspect-ratio=\"0.7080062794348508\"><\/iframe><\/p>\n","protected":false},"excerpt":{"rendered":"<p>A partir del dimarts 15 de setembre, les entrades i sortides es faran de manera esglaonada i a trav\u00e9s de diferents accessos. Podeu consultar l&#8217;organitzaci\u00f3 i els horaris al seg\u00fcent document:<br \/>\n<a style=\"text-decoration: underline;\" title=\"View Organitzaci\u00f3 de les entrades i sortides on Scribd\" href=\"https:\/\/www.scribd.com\/document\/475178713\/Organitzacio-de-les-entrades-i-sortides#from_embed\">Organitzaci\u00f3 de les&hellip;  <a href=\"https:\/\/agora.xtec.cat\/iesacumella\/portada\/general\/organitzacio-de-les-entrades-i-sortides-2020-2021\/\" title=\"Read Organitzaci\u00f3 de les entrades i sortides (2020-2021)\">Llegeix m\u00e9s\u00bb<\/a><\/p>\n","protected":false},"author":1,"featured_media":0,"comment_status":"closed","ping_status":"closed","sticky":false,"template":"","format":"standard","meta":{"_bbp_topic_count":0,"_bbp_reply_count":0,"_bbp_total_topic_count":0,"_bbp_total_reply_count":0,"_bbp_voice_count":0,"_bbp_anonymous_reply_count":0,"_bbp_topic_count_hidden":0,"_bbp_reply_count_hidden":0,"_bbp_forum_subforum_count":0,"footnotes":""},"categories":[8,3,1],"tags":[],"class_list":["post-7519","post","type-post","status-publish","format-standard","hentry","category-batxillerat","category-eso","category-general"],"post_mailing_queue_ids":[],"_links":{"self":[{"href":"https:\/\/agora.xtec.cat\/iesacumella\/wp-json\/wp\/v2\/posts\/7519","targetHints":{"allow":["GET"]}}],"collection":[{"href":"https:\/\/agora.xtec.cat\/iesacumella\/wp-json\/wp\/v2\/posts"}],"about":[{"href":"https:\/\/agora.xtec.cat\/iesacumella\/wp-json\/wp\/v2\/types\/post"}],"author":[{"embeddable":true,"href":"https:\/\/agora.xtec.cat\/iesacumella\/wp-json\/wp\/v2\/users\/1"}],"replies":[{"embeddable":true,"href":"https:\/\/agora.xtec.cat\/iesacumella\/wp-json\/wp\/v2\/comments?post=7519"}],"version-history":[{"count":2,"href":"https:\/\/agora.xtec.cat\/iesacumella\/wp-json\/wp\/v2\/posts\/7519\/revisions"}],"predecessor-version":[{"id":7531,"href":"https:\/\/agora.xtec.cat\/iesacumella\/wp-json\/wp\/v2\/posts\/7519\/revisions\/7531"}],"wp:attachment":[{"href":"https:\/\/agora.xtec.cat\/iesacumella\/wp-json\/wp\/v2\/media?parent=7519"}],"wp:term":[{"taxonomy":"category","embeddable":true,"href":"https:\/\/agora.xtec.cat\/iesacumella\/wp-json\/wp\/v2\/categories?post=7519"},{"taxonomy":"post_tag","embeddable":true,"href":"https:\/\/agora.xtec.cat\/iesacumella\/wp-json\/wp\/v2\/tags?post=7519"}],"curies":[{"name":"wp","href":"https:\/\/api.w.org\/{rel}","templated":true}]}}