{"id":7457,"date":"2020-06-25T22:32:53","date_gmt":"2020-06-25T20:32:53","guid":{"rendered":"http:\/\/agora.xtec.cat\/iesacumella\/?p=7457"},"modified":"2020-06-25T22:32:53","modified_gmt":"2020-06-25T20:32:53","slug":"sollicitud-de-beques-menjador","status":"publish","type":"post","link":"https:\/\/agora.xtec.cat\/iesacumella\/portada\/sollicitud-de-beques-menjador\/","title":{"rendered":"Sol\u00b7licitud de beques menjador"},"content":{"rendered":"<p>Des de l\u2019Ajuntament de Granollers ens informen que el 20 de maig el Consell Comarcal del Vall\u00e8s Oriental ha aprovat les Bases reguladores dels Ajuts de menjador pel curs escolar 20-21.<br \/>\nEl per\u00edode de presentaci\u00f3 de sol\u00b7licituds s\u2019obrir\u00e0 el 6 de juliol i finalitzar\u00e0 el 24 de juliol. Donades les restriccions d\u2019aquest any per la COVID 19 s\u2019han hagut d\u2019adoptar mesures extres de seguretat i la recollida de les sol\u00b7licituds es far\u00e0 AMB CITA PR\u00c8VIA al Centre C\u00edvic Nord (C\/ Lledoner 6. Granollers). Tamb\u00e9 es pot realitzar el tr\u00e0mit de manera telem\u00e0tica seguint les instruccions<br \/>\nhttps:\/\/seuelectronica.granollers.cat\/bequesmenjador<br \/>\nEls impresos es podran recollir al C \/Portalet 4 bx de 8,30 a 14,30 i a l\u2019Oficina de beques situada excepcionalment al Centre C\u00edvic Nord a partir del 3 de juliol.<br \/>\nTamb\u00e9 es pot descarregar des de la seu electr\u00f2nica a partir de la mateixa data.<br \/>\nS\u2019ha de demanar cita pr\u00e8via per entregar la sol\u00b7licitud a l\u2019enlla\u00e7 <a href=\"https:\/\/www.granollers.cat\/citaprevia\/bequesmenjador\">https:\/\/www.granollers.cat\/citaprevia\/bequesmenjador<\/a> o al tel\u00e8fon 93 842 6610 S\u2019ofereixen cites informatives i de suport la setmana del 29 de juny al 3 de juliol tamb\u00e9 amb CITA PR\u00c8VIA . En aquest per\u00edode encara NO es podr\u00e0 presentar la sol\u00b7licitud https:\/\/www.granollers.cat\/citapreviainformatives\/menjador al Centre C\u00edvic Nord, situat al C\/Lledoner 6 de Granollers.<\/p>\n","protected":false},"excerpt":{"rendered":"<p>Des de l\u2019Ajuntament de Granollers ens informen que el 20 de maig el Consell Comarcal del Vall\u00e8s Oriental ha aprovat les Bases reguladores dels Ajuts de menjador pel curs escolar 20-21.<br \/>\nEl per\u00edode de presentaci\u00f3 de sol\u00b7licituds s\u2019obrir\u00e0 el 6 de juliol i finalitzar\u00e0 el 24&hellip;  <a href=\"https:\/\/agora.xtec.cat\/iesacumella\/portada\/sollicitud-de-beques-menjador\/\" title=\"Read Sol\u00b7licitud de beques menjador\">Llegeix m\u00e9s\u00bb<\/a><\/p>\n","protected":false},"author":16,"featured_media":7458,"comment_status":"closed","ping_status":"closed","sticky":false,"template":"","format":"standard","meta":{"_bbp_topic_count":0,"_bbp_reply_count":0,"_bbp_total_topic_count":0,"_bbp_total_reply_count":0,"_bbp_voice_count":0,"_bbp_anonymous_reply_count":0,"_bbp_topic_count_hidden":0,"_bbp_reply_count_hidden":0,"_bbp_forum_subforum_count":0,"footnotes":""},"categories":[29],"tags":[],"class_list":["post-7457","post","type-post","status-publish","format-standard","has-post-thumbnail","hentry","category-portada"],"post_mailing_queue_ids":[],"_links":{"self":[{"href":"https:\/\/agora.xtec.cat\/iesacumella\/wp-json\/wp\/v2\/posts\/7457","targetHints":{"allow":["GET"]}}],"collection":[{"href":"https:\/\/agora.xtec.cat\/iesacumella\/wp-json\/wp\/v2\/posts"}],"about":[{"href":"https:\/\/agora.xtec.cat\/iesacumella\/wp-json\/wp\/v2\/types\/post"}],"author":[{"embeddable":true,"href":"https:\/\/agora.xtec.cat\/iesacumella\/wp-json\/wp\/v2\/users\/16"}],"replies":[{"embeddable":true,"href":"https:\/\/agora.xtec.cat\/iesacumella\/wp-json\/wp\/v2\/comments?post=7457"}],"version-history":[{"count":1,"href":"https:\/\/agora.xtec.cat\/iesacumella\/wp-json\/wp\/v2\/posts\/7457\/revisions"}],"predecessor-version":[{"id":7459,"href":"https:\/\/agora.xtec.cat\/iesacumella\/wp-json\/wp\/v2\/posts\/7457\/revisions\/7459"}],"wp:featuredmedia":[{"embeddable":true,"href":"https:\/\/agora.xtec.cat\/iesacumella\/wp-json\/wp\/v2\/media\/7458"}],"wp:attachment":[{"href":"https:\/\/agora.xtec.cat\/iesacumella\/wp-json\/wp\/v2\/media?parent=7457"}],"wp:term":[{"taxonomy":"category","embeddable":true,"href":"https:\/\/agora.xtec.cat\/iesacumella\/wp-json\/wp\/v2\/categories?post=7457"},{"taxonomy":"post_tag","embeddable":true,"href":"https:\/\/agora.xtec.cat\/iesacumella\/wp-json\/wp\/v2\/tags?post=7457"}],"curies":[{"name":"wp","href":"https:\/\/api.w.org\/{rel}","templated":true}]}}