{"id":735,"date":"2013-04-30T13:31:27","date_gmt":"2013-04-30T12:31:27","guid":{"rendered":"http:\/\/blog.iesacumella.cat\/?p=735"},"modified":"2013-04-30T13:31:27","modified_gmt":"2013-04-30T12:31:27","slug":"tancada-a-lantoni-cumella","status":"publish","type":"post","link":"https:\/\/agora.xtec.cat\/iesacumella\/portada\/general\/tancada-a-lantoni-cumella\/","title":{"rendered":"Tancada a l&#8217;Antoni Cumella"},"content":{"rendered":"<p><!--:ca--><\/p>\n<p style=\"padding-left: 30px;\">Tancada a l&#8217;Antoni Cumella de Granollers contra la llei Wert i les retallades en educaci\u00f3<\/p>\n<p style=\"padding-left: 30px;\">El dijous dia 25 d&#8217;Abril uns 40 professors, alumnes i fam\u00edlies alerten de la massificaci\u00f3 a les aules del centre docent i de la manca de places d&#8217;escola p\u00fablica a la ciutat.<\/p>\n<p style=\"padding-left: 30px;\">Informacions a:\u00a0\u00a0 <a href=\"http:\/\/www.naciodigital.cat\/naciogranollers\/noticia\/16412\/tancada\/antoni\/cumella\/granollers\/contra\/llei\/wert\/retallades\/educacio\">NacioGranollers<\/a><\/p>\n<p style=\"padding-left: 60px;\"><a title=\"El periodico\" href=\"http:\/\/www.elperiodico.cat\/ca\/videos\/societat\/tancades-debats-als-centres-educatius-contra-les-retallades\/2242927.shtml\">ElperiodicodeCatalunya<\/a><\/p>\n<p style=\"padding-left: 60px;\"><a href=\"http:\/\/www.cadenaser.com\/sociedad\/articulo\/exit-les-tancades-escoles-i-instituts\/csrcsrpor\/20130426csrcsrsoc_2\/Tes\">CadenaSer<\/a><\/p>\n<p style=\"padding-left: 60px;\"><a title=\"ElPeriodico.cat\" href=\"http:\/\/www.elperiodico.cat\/ca\/noticias\/societat\/unes-400-escoles-publiques-catalanes-tanquen-contra-les-retallades-llei-wert-2375088\">ElPeridico.cat<\/a><\/p>\n<p style=\"padding-left: 60px;\"><a href=\"http:\/\/assembleamestresvo.blogspot.com\/\">AssembleaMestresVO<\/a><\/p>\n<p>&nbsp;<!--:--><\/p>\n","protected":false},"excerpt":{"rendered":"<p>Tancada a l&#8217;Antoni Cumella de Granollers contra la llei Wert i les retallades en educaci\u00f3<br \/>\nEl dijous dia 25 d&#8217;Abril uns 40 professors, alumnes i fam\u00edlies alerten de la massificaci\u00f3 a les aules del centre docent i de la manca de places d&#8217;escola p\u00fablica a la&hellip;  <a href=\"https:\/\/agora.xtec.cat\/iesacumella\/portada\/general\/tancada-a-lantoni-cumella\/\" title=\"Read Tancada a l&#8217;Antoni Cumella\">Llegeix m\u00e9s\u00bb<\/a><\/p>\n","protected":false},"author":1,"featured_media":738,"comment_status":"closed","ping_status":"closed","sticky":false,"template":"","format":"standard","meta":{"_bbp_topic_count":0,"_bbp_reply_count":0,"_bbp_total_topic_count":0,"_bbp_total_reply_count":0,"_bbp_voice_count":0,"_bbp_anonymous_reply_count":0,"_bbp_topic_count_hidden":0,"_bbp_reply_count_hidden":0,"_bbp_forum_subforum_count":0,"footnotes":""},"categories":[1],"tags":[],"class_list":["post-735","post","type-post","status-publish","format-standard","has-post-thumbnail","hentry","category-general"],"post_mailing_queue_ids":[],"_links":{"self":[{"href":"https:\/\/agora.xtec.cat\/iesacumella\/wp-json\/wp\/v2\/posts\/735","targetHints":{"allow":["GET"]}}],"collection":[{"href":"https:\/\/agora.xtec.cat\/iesacumella\/wp-json\/wp\/v2\/posts"}],"about":[{"href":"https:\/\/agora.xtec.cat\/iesacumella\/wp-json\/wp\/v2\/types\/post"}],"author":[{"embeddable":true,"href":"https:\/\/agora.xtec.cat\/iesacumella\/wp-json\/wp\/v2\/users\/1"}],"replies":[{"embeddable":true,"href":"https:\/\/agora.xtec.cat\/iesacumella\/wp-json\/wp\/v2\/comments?post=735"}],"version-history":[{"count":0,"href":"https:\/\/agora.xtec.cat\/iesacumella\/wp-json\/wp\/v2\/posts\/735\/revisions"}],"wp:featuredmedia":[{"embeddable":true,"href":"https:\/\/agora.xtec.cat\/iesacumella\/wp-json\/wp\/v2\/media\/738"}],"wp:attachment":[{"href":"https:\/\/agora.xtec.cat\/iesacumella\/wp-json\/wp\/v2\/media?parent=735"}],"wp:term":[{"taxonomy":"category","embeddable":true,"href":"https:\/\/agora.xtec.cat\/iesacumella\/wp-json\/wp\/v2\/categories?post=735"},{"taxonomy":"post_tag","embeddable":true,"href":"https:\/\/agora.xtec.cat\/iesacumella\/wp-json\/wp\/v2\/tags?post=735"}],"curies":[{"name":"wp","href":"https:\/\/api.w.org\/{rel}","templated":true}]}}