{"id":7317,"date":"2020-04-23T16:15:55","date_gmt":"2020-04-23T14:15:55","guid":{"rendered":"http:\/\/agora.xtec.cat\/iesacumella\/?p=7317"},"modified":"2020-04-24T10:52:17","modified_gmt":"2020-04-24T08:52:17","slug":"primer-concurs-micra-microrelats","status":"publish","type":"post","link":"https:\/\/agora.xtec.cat\/iesacumella\/portada\/estudis\/eso\/primer-concurs-micra-microrelats\/","title":{"rendered":"Primer concurs MICRA-microrelats"},"content":{"rendered":"<div>Dins de les activitats previstes per Sant Jordi, l&#8217;alumnat de 1r ESO va organitzar el primer concurs MICRA-microrelats. Hav\u00edem treballat diversos elements dels textos narratius i vam posar-ho en pr\u00e0ctica organitzant un concurs de microrelats, on l&#8217;extensi\u00f3 del text \u00e9s vital i t\u00e9 molta import\u00e0ncia. Un microrelat \u00e9s un text breu, comprimit, suggeridor i intens que ens acostuma a sorprendre amb un final inesperat. Els membres del jurat han estat el propi alumnat de cada classe, confinat a casa, que els han puntuat seguint uns criteris d&#8217;avaluaci\u00f3 establerts i que es\u00a0fixaven en aspectes com ara l&#8217;originalitat, la imprevisibilitat i la creativitat del microrelat.<\/div>\n<div><\/div>\n<div>Volem fer p\u00fablic aquest veredicte amb els 3 millors microrelats de cadascuna de les classes participants. Tamb\u00e9 volem felicitar a les persones guanyadores i, sobretot, agrair la participaci\u00f3 de la resta de futurs escriptors i escriptores de 1r ESO de l&#8217;institut A. Cumella.<\/div>\n<div><\/div>\n<div><b><span style=\"color: #ff0000; font-family: arial, sans-serif;\">GRUP A<\/span><\/b><\/div>\n<div>\n<p dir=\"ltr\">Primera posici\u00f3 amb un total de 64 vots afirmatius<\/p>\n<p><span style=\"font-family: arial, sans-serif;\"><br \/>\n<\/span><\/p>\n<p dir=\"ltr\">COR POTENT d\u2019 Arnau P. (237 car\u00e0cters)<\/p>\n<p dir=\"ltr\">El cor li anava a mil per hora, no ho podia creure, havia robat! Era perseguit per la policia, volgu\u00e9s o no, l\u2019acci\u00f3 ja estava feta, no podia tornar enrere. Per\u00f2 ara no podia pensar en aix\u00f2, ara el qu\u00e8 havia de fer era fugir, per\u00f2, a on?<\/p>\n<p><span style=\"font-family: arial, sans-serif;\"><br \/>\n<\/span><\/p>\n<p dir=\"ltr\">Segona posici\u00f3 amb un total de 63 vots afirmatius<\/p>\n<p><span style=\"font-family: arial, sans-serif;\"><br \/>\n<\/span><\/p>\n<p dir=\"ltr\">TRUCADES PERDUDES d\u2019Aina A. (231 car\u00e0cters)<\/p>\n<p dir=\"ltr\">L\u2019Ona va arribar a l&#8217;estaci\u00f3 i va comprar un bitllet. Mentre el tren arrencava va rebre un WhatsApp, no va fer-li cas. Va arribar a Barcelona i va anar a casa dels avis. No hi eren, llavors el va obrir: \u201cNena, no vinguis!. Marxem\u201d.<\/p>\n<p><span style=\"font-family: arial, sans-serif;\"><br \/>\n<\/span><\/p>\n<p dir=\"ltr\">Tercera posici\u00f3 empatats amb un total de 61 vots afirmatius<\/p>\n<p><span style=\"font-family: arial, sans-serif;\"><br \/>\n<\/span><\/p>\n<p dir=\"ltr\">CONSELL VITAL de Marina R. (208 car\u00e0cters)<\/p>\n<p dir=\"ltr\">Llavors el teu problema no \u00e9s el pas del temps sin\u00f3 el qu\u00e8 comporta. Amb els anys t\u2019adonar\u00e0s que \u00e9s millor viure el present i envoltar-te de la gent a la qui estimes.<\/p>\n<p dir=\"ltr\">En aquell moment, ella ho va entendre tot.<\/p>\n<p><span style=\"font-family: arial, sans-serif;\"><br \/>\n<\/span><\/p>\n<p dir=\"ltr\">INCENDI LITERARI de Teresa J (234 car\u00e0cters)<\/p>\n<p dir=\"ltr\">Un dia, el de Sant Jordi, vaig anar a una llibreria. Per\u00f2, quan anava a pagar, va comen\u00e7ar a sonar una alarma molt forta, semblava av\u00eds d\u2019incendi. Em vaig espantar i tothom va sortir corrents. Al final no va ser res, era un simulacre.<\/p>\n<p><span style=\"font-family: arial, sans-serif;\"><span id=\"m_1700761258967410066gmail-docs-internal-guid-f53f5349-7fff-0687-89cd-1abc03f57d11\"><\/span><br \/>\n<\/span><\/div>\n<div><b><span style=\"color: #ff0000; font-family: arial, sans-serif;\">GRUP B<\/span><\/b><\/div>\n<div>\n<p dir=\"ltr\">Primera posici\u00f3 amb un total de 73 vots afirmatius<\/p>\n<p><span style=\"font-family: arial, sans-serif;\"><br \/>\n<\/span><\/p>\n<p dir=\"ltr\">TEMPESTA d\u2019Ona Puig (203 car\u00e0cters)<\/p>\n<p dir=\"ltr\">No hi havia ning\u00fa al carrer. Mentre caminava per damunt de les fulles mullades. Miro al cel i penso: sens dubte, el meu avi no s\u2019equivocava mai quan deia que despr\u00e9s d\u2019una gran tempesta arriba el millor.<\/p>\n<p><span style=\"font-family: arial, sans-serif;\"><br \/>\n<\/span><\/p>\n<p dir=\"ltr\">Segona posici\u00f3 amb un total de 72 vots afirmatius<\/p>\n<p><span style=\"font-family: arial, sans-serif;\"><br \/>\n<\/span><\/p>\n<p dir=\"ltr\">UNA MALA TARDA d\u2019 Abril A. (172 car\u00e0cters)<\/p>\n<p dir=\"ltr\">Em cauen gotes a la cara mentres corro. He d\u2019arribar. Nervis. El pla s&#8217;espatlla si no arribo. L\u2019he d\u2019avisar. Estic a punt. Ja la veig. Massa tard. Ja l\u2019ha obert. Ja ho sap.<\/p>\n<p><span style=\"font-family: arial, sans-serif;\"><br \/>\n<\/span><\/p>\n<p dir=\"ltr\">Tercera posici\u00f3 amb un total de 70 vots afirmatius<\/p>\n<p><span style=\"font-family: arial, sans-serif;\"><br \/>\n<\/span><\/p>\n<p dir=\"ltr\">CARRERS FOSCOS d\u2019Unax P. (183 car\u00e0cters)<\/p>\n<p dir=\"ltr\">Dos homes ben vestits van per un carrer i es creuen de mirades. M\u00e9s tard, s\u2019escolten uns trets. Un ve\u00ed veu un home ben vestit al terra i un altre fugint. Sonen les campanes del poble.<\/p>\n<p><span style=\"font-family: arial, sans-serif;\"><span id=\"m_1700761258967410066gmail-docs-internal-guid-0e93eea6-7fff-46f4-b686-961f28bcf0dd\"><\/span><br \/>\n<\/span><\/div>\n<div><b><span style=\"color: #ff0000; font-family: arial, sans-serif;\">GRUP C<\/span><\/b><\/div>\n<div>\n<p dir=\"ltr\">Primera posici\u00f3 amb un total de 78 vots afirmatius<\/p>\n<p><span style=\"font-family: arial, sans-serif;\"><br \/>\n<\/span><\/p>\n<p dir=\"ltr\">DECLARACI\u00d3 DE DESAMOR de Kelhy A. (128 car\u00e0cters)<\/p>\n<p dir=\"ltr\">Fa un any que em vas abandonar amb ll\u00e0grimes i amb el cor partit. Ara et lliuro aquesta rosa com a senyal que em vas fer feli\u00e7.<\/p>\n<p><span style=\"font-family: arial, sans-serif;\"><br \/>\n<\/span><\/p>\n<p dir=\"ltr\">Segona posici\u00f3 amb un total de 69 vots afirmatius<\/p>\n<p><span style=\"font-family: arial, sans-serif;\"><br \/>\n<\/span><\/p>\n<p dir=\"ltr\">POR INTENSA de Kardi S. (169 car\u00e0cters)<\/p>\n<p dir=\"ltr\">Entra el senyor, era alt, amb moltes cicatrius i portava un ganivet. Ens batega el cor, el meu germ\u00e0 tenia por. Sense pietat va vessar sang i els cad\u00e0vers es va emportar.<\/p>\n<p><span style=\"font-family: arial, sans-serif;\"><br \/>\n<\/span><\/p>\n<p dir=\"ltr\">Tercera posici\u00f3 amb un total de 70 vots afirmatius<\/p>\n<p><span style=\"font-family: arial, sans-serif;\"><br \/>\n<\/span><\/p>\n<p dir=\"ltr\">PENSAMENTS FUTURS de Darian M. (175 car\u00e0cters)<\/p>\n<p dir=\"ltr\">Pens\u00e0vem que no era una cosa molt important per\u00f2 ara la nostra vida ha canviat. Pens\u00e0vem que no ens afectaria per\u00f2 mira ara la nostra vida espera tornar aviat a la normalitat.<\/p>\n<\/div>\n","protected":false},"excerpt":{"rendered":"<p>Dins de les activitats previstes per Sant Jordi, l&#8217;alumnat de 1r ESO va organitzar el primer concurs MICRA-microrelats. Hav\u00edem treballat diversos elements dels textos narratius i vam posar-ho en pr\u00e0ctica organitzant un concurs de microrelats, on l&#8217;extensi\u00f3 del text \u00e9s vital i t\u00e9 molta import\u00e0ncia.&hellip;  <a href=\"https:\/\/agora.xtec.cat\/iesacumella\/portada\/estudis\/eso\/primer-concurs-micra-microrelats\/\" title=\"Read Primer concurs MICRA-microrelats\">Llegeix m\u00e9s\u00bb<\/a><\/p>\n","protected":false},"author":16,"featured_media":7318,"comment_status":"closed","ping_status":"closed","sticky":false,"template":"","format":"standard","meta":{"_bbp_topic_count":0,"_bbp_reply_count":0,"_bbp_total_topic_count":0,"_bbp_total_reply_count":0,"_bbp_voice_count":0,"_bbp_anonymous_reply_count":0,"_bbp_topic_count_hidden":0,"_bbp_reply_count_hidden":0,"_bbp_forum_subforum_count":0,"footnotes":""},"categories":[125,103,3,111,29,174],"tags":[],"class_list":["post-7317","post","type-post","status-publish","format-standard","has-post-thumbnail","hentry","category-1r-eso","category-departaments","category-eso","category-llengua-catalana","category-portada","category-publicacions"],"post_mailing_queue_ids":[],"_links":{"self":[{"href":"https:\/\/agora.xtec.cat\/iesacumella\/wp-json\/wp\/v2\/posts\/7317","targetHints":{"allow":["GET"]}}],"collection":[{"href":"https:\/\/agora.xtec.cat\/iesacumella\/wp-json\/wp\/v2\/posts"}],"about":[{"href":"https:\/\/agora.xtec.cat\/iesacumella\/wp-json\/wp\/v2\/types\/post"}],"author":[{"embeddable":true,"href":"https:\/\/agora.xtec.cat\/iesacumella\/wp-json\/wp\/v2\/users\/16"}],"replies":[{"embeddable":true,"href":"https:\/\/agora.xtec.cat\/iesacumella\/wp-json\/wp\/v2\/comments?post=7317"}],"version-history":[{"count":1,"href":"https:\/\/agora.xtec.cat\/iesacumella\/wp-json\/wp\/v2\/posts\/7317\/revisions"}],"predecessor-version":[{"id":7319,"href":"https:\/\/agora.xtec.cat\/iesacumella\/wp-json\/wp\/v2\/posts\/7317\/revisions\/7319"}],"wp:featuredmedia":[{"embeddable":true,"href":"https:\/\/agora.xtec.cat\/iesacumella\/wp-json\/wp\/v2\/media\/7318"}],"wp:attachment":[{"href":"https:\/\/agora.xtec.cat\/iesacumella\/wp-json\/wp\/v2\/media?parent=7317"}],"wp:term":[{"taxonomy":"category","embeddable":true,"href":"https:\/\/agora.xtec.cat\/iesacumella\/wp-json\/wp\/v2\/categories?post=7317"},{"taxonomy":"post_tag","embeddable":true,"href":"https:\/\/agora.xtec.cat\/iesacumella\/wp-json\/wp\/v2\/tags?post=7317"}],"curies":[{"name":"wp","href":"https:\/\/api.w.org\/{rel}","templated":true}]}}