{"id":7299,"date":"2020-04-22T15:12:43","date_gmt":"2020-04-22T13:12:43","guid":{"rendered":"http:\/\/agora.xtec.cat\/iesacumella\/?p=7299"},"modified":"2020-04-24T10:52:17","modified_gmt":"2020-04-24T08:52:17","slug":"sant-jordi-2020","status":"publish","type":"post","link":"https:\/\/agora.xtec.cat\/iesacumella\/portada\/sant-jordi-2020\/","title":{"rendered":"Sant Jordi 2020"},"content":{"rendered":"<div><i>Bon dia! Malgrat que estiguem en confinament, volem celebrar la\u00a0<b>Diada de Sant Jordi 2020<\/b>, encara que sigui de manera\u00a0<b>virtual<\/b>! Us agradaria provocar\u00a0<b>una marea espectacular de llibres i roses<\/b>\u00a0(reals o fetes amb materials diversos)?<\/i><\/div>\n<div><i>\u00a0<\/i><\/div>\n<div><i>Us proposem de penjar una foto\u00a0<b>a Instagram, Twitter i\/o Facebook<\/b>\u00a0amb el vostre llibre preferit i la vostra rosa. Si decoreu el vostre balc\u00f3 d&#8217;alguna manera, li podeu fer una foto. Tamb\u00e9 hi podeu posar imaginaci\u00f3 i sorprendre&#8217;ns a la vostra manera&#8230; Fem-ho?\u00a0<b>Petem la xarxa!\u00a0<\/b>Compartim-ho a:\u00a0<b>@INSACumella #SantJordi2020INSACumella #Granollers #lallegendaalbalco #abrillletresmil\u00a0<\/b><\/i><\/div>\n<p><iframe loading=\"lazy\" width=\"560\" height=\"315\" src=\"https:\/\/www.youtube.com\/embed\/kkxvjWIdaq8\" frameborder=\"0\" allow=\"accelerometer; autoplay; encrypted-media; gyroscope; picture-in-picture\" allowfullscreen><\/iframe><br \/>\n<iframe loading=\"lazy\" width=\"560\" height=\"315\" src=\"https:\/\/www.youtube.com\/embed\/eXwPcaZZ0hY\" frameborder=\"0\" allow=\"accelerometer; autoplay; encrypted-media; gyroscope; picture-in-picture\" allowfullscreen><\/iframe><\/p>\n","protected":false},"excerpt":{"rendered":"<p>Bon dia! Malgrat que estiguem en confinament, volem celebrar la\u00a0Diada de Sant Jordi 2020, encara que sigui de manera\u00a0virtual! Us agradaria provocar\u00a0una marea espectacular de llibres i roses\u00a0(reals o fetes amb materials diversos)?<br \/>\n\u00a0<br \/>\nUs proposem de penjar una foto\u00a0a Instagram, Twitter i\/o Facebook\u00a0amb el vostre llibre&hellip;  <a href=\"https:\/\/agora.xtec.cat\/iesacumella\/portada\/sant-jordi-2020\/\" title=\"Read Sant Jordi 2020\">Llegeix m\u00e9s\u00bb<\/a><\/p>\n","protected":false},"author":16,"featured_media":7300,"comment_status":"closed","ping_status":"closed","sticky":false,"template":"","format":"standard","meta":{"_bbp_topic_count":0,"_bbp_reply_count":0,"_bbp_total_topic_count":0,"_bbp_total_reply_count":0,"_bbp_voice_count":0,"_bbp_anonymous_reply_count":0,"_bbp_topic_count_hidden":0,"_bbp_reply_count_hidden":0,"_bbp_forum_subforum_count":0,"footnotes":""},"categories":[103,29,174],"tags":[],"class_list":["post-7299","post","type-post","status-publish","format-standard","has-post-thumbnail","hentry","category-departaments","category-portada","category-publicacions"],"post_mailing_queue_ids":[],"_links":{"self":[{"href":"https:\/\/agora.xtec.cat\/iesacumella\/wp-json\/wp\/v2\/posts\/7299","targetHints":{"allow":["GET"]}}],"collection":[{"href":"https:\/\/agora.xtec.cat\/iesacumella\/wp-json\/wp\/v2\/posts"}],"about":[{"href":"https:\/\/agora.xtec.cat\/iesacumella\/wp-json\/wp\/v2\/types\/post"}],"author":[{"embeddable":true,"href":"https:\/\/agora.xtec.cat\/iesacumella\/wp-json\/wp\/v2\/users\/16"}],"replies":[{"embeddable":true,"href":"https:\/\/agora.xtec.cat\/iesacumella\/wp-json\/wp\/v2\/comments?post=7299"}],"version-history":[{"count":1,"href":"https:\/\/agora.xtec.cat\/iesacumella\/wp-json\/wp\/v2\/posts\/7299\/revisions"}],"predecessor-version":[{"id":7301,"href":"https:\/\/agora.xtec.cat\/iesacumella\/wp-json\/wp\/v2\/posts\/7299\/revisions\/7301"}],"wp:featuredmedia":[{"embeddable":true,"href":"https:\/\/agora.xtec.cat\/iesacumella\/wp-json\/wp\/v2\/media\/7300"}],"wp:attachment":[{"href":"https:\/\/agora.xtec.cat\/iesacumella\/wp-json\/wp\/v2\/media?parent=7299"}],"wp:term":[{"taxonomy":"category","embeddable":true,"href":"https:\/\/agora.xtec.cat\/iesacumella\/wp-json\/wp\/v2\/categories?post=7299"},{"taxonomy":"post_tag","embeddable":true,"href":"https:\/\/agora.xtec.cat\/iesacumella\/wp-json\/wp\/v2\/tags?post=7299"}],"curies":[{"name":"wp","href":"https:\/\/api.w.org\/{rel}","templated":true}]}}