{"id":7285,"date":"2020-03-17T22:12:40","date_gmt":"2020-03-17T21:12:40","guid":{"rendered":"http:\/\/agora.xtec.cat\/iesacumella\/?p=7285"},"modified":"2020-03-17T22:17:40","modified_gmt":"2020-03-17T21:17:40","slug":"ajornada-la-selectivitat-a-causa-del-coronavirus","status":"publish","type":"post","link":"https:\/\/agora.xtec.cat\/iesacumella\/portada\/general\/ajornada-la-selectivitat-a-causa-del-coronavirus\/","title":{"rendered":"Ajornada la selectivitat a causa del coronavirus"},"content":{"rendered":"<p>Les proves de la selectivitat queden ajornades pel coronavirus. El govern espanyol i les comunitats aut\u00f2nomes han acordat aquest dimarts posposar els ex\u00e0mens, que estaven previstos per al juny, tenint en compte l&#8217;escenari actual de classes suspeses per l&#8217;expansi\u00f3 de la Covid-19. La decisi\u00f3 s&#8217;ha pres en plena vig\u00e8ncia de l&#8217;estat d&#8217;alarma, declarat des del 15 de mar\u00e7.<\/p>\n<p>A Catalunya, la selectivitat estava convocada pel 9, 10 i 11 de juny, en primera convocat\u00f2ria, i el 2, 3 i 4 de setembre, per a l&#8217;extraordin\u00e0ria. Tot i que \u00e9s una de les autonomies que la fa m\u00e9s tard, tamb\u00e9 ha acceptat l&#8217;ajornament. L&#8217;alteraci\u00f3 de la data modificar\u00e0 la resta del calendari, com ara les matriculacions a la universitat.<\/p>\n<p>https:\/\/www.ccma.cat\/324\/ajornada-la-selectivitat-a-causa-del-coronavirus\/noticia\/2997809\/<\/p>\n<p>&nbsp;<\/p>\n<p>Photo by\u00a0<a href=\"https:\/\/unsplash.com\/@nate_dumlao?utm_source=unsplash&amp;utm_medium=referral&amp;utm_content=creditCopyText\">Nathan Dumlao<\/a>\u00a0on\u00a0<a href=\"https:\/\/unsplash.com\/s\/photos\/exams?utm_source=unsplash&amp;utm_medium=referral&amp;utm_content=creditCopyText\">Unsplash<\/a><\/p>\n","protected":false},"excerpt":{"rendered":"<p>Les proves de la selectivitat queden ajornades pel coronavirus. El govern espanyol i les comunitats aut\u00f2nomes han acordat aquest dimarts posposar els ex\u00e0mens, que estaven previstos per al juny, tenint en compte l&#8217;escenari actual de classes suspeses per l&#8217;expansi\u00f3 de la Covid-19. La decisi\u00f3 s&#8217;ha&hellip;  <a href=\"https:\/\/agora.xtec.cat\/iesacumella\/portada\/general\/ajornada-la-selectivitat-a-causa-del-coronavirus\/\" title=\"Read Ajornada la selectivitat a causa del coronavirus\">Llegeix m\u00e9s\u00bb<\/a><\/p>\n","protected":false},"author":16,"featured_media":7286,"comment_status":"closed","ping_status":"closed","sticky":false,"template":"","format":"standard","meta":{"_bbp_topic_count":0,"_bbp_reply_count":0,"_bbp_total_topic_count":0,"_bbp_total_reply_count":0,"_bbp_voice_count":0,"_bbp_anonymous_reply_count":0,"_bbp_topic_count_hidden":0,"_bbp_reply_count_hidden":0,"_bbp_forum_subforum_count":0,"footnotes":""},"categories":[1],"tags":[],"class_list":["post-7285","post","type-post","status-publish","format-standard","has-post-thumbnail","hentry","category-general"],"post_mailing_queue_ids":[],"_links":{"self":[{"href":"https:\/\/agora.xtec.cat\/iesacumella\/wp-json\/wp\/v2\/posts\/7285","targetHints":{"allow":["GET"]}}],"collection":[{"href":"https:\/\/agora.xtec.cat\/iesacumella\/wp-json\/wp\/v2\/posts"}],"about":[{"href":"https:\/\/agora.xtec.cat\/iesacumella\/wp-json\/wp\/v2\/types\/post"}],"author":[{"embeddable":true,"href":"https:\/\/agora.xtec.cat\/iesacumella\/wp-json\/wp\/v2\/users\/16"}],"replies":[{"embeddable":true,"href":"https:\/\/agora.xtec.cat\/iesacumella\/wp-json\/wp\/v2\/comments?post=7285"}],"version-history":[{"count":2,"href":"https:\/\/agora.xtec.cat\/iesacumella\/wp-json\/wp\/v2\/posts\/7285\/revisions"}],"predecessor-version":[{"id":7288,"href":"https:\/\/agora.xtec.cat\/iesacumella\/wp-json\/wp\/v2\/posts\/7285\/revisions\/7288"}],"wp:featuredmedia":[{"embeddable":true,"href":"https:\/\/agora.xtec.cat\/iesacumella\/wp-json\/wp\/v2\/media\/7286"}],"wp:attachment":[{"href":"https:\/\/agora.xtec.cat\/iesacumella\/wp-json\/wp\/v2\/media?parent=7285"}],"wp:term":[{"taxonomy":"category","embeddable":true,"href":"https:\/\/agora.xtec.cat\/iesacumella\/wp-json\/wp\/v2\/categories?post=7285"},{"taxonomy":"post_tag","embeddable":true,"href":"https:\/\/agora.xtec.cat\/iesacumella\/wp-json\/wp\/v2\/tags?post=7285"}],"curies":[{"name":"wp","href":"https:\/\/api.w.org\/{rel}","templated":true}]}}