{"id":7281,"date":"2020-03-17T21:55:00","date_gmt":"2020-03-17T20:55:00","guid":{"rendered":"http:\/\/agora.xtec.cat\/iesacumella\/?p=7281"},"modified":"2020-03-17T21:55:00","modified_gmt":"2020-03-17T20:55:00","slug":"el-departament-deducacio-ajorna-la-preinscripcio-escolar","status":"publish","type":"post","link":"https:\/\/agora.xtec.cat\/iesacumella\/portada\/el-departament-deducacio-ajorna-la-preinscripcio-escolar\/","title":{"rendered":"El Departament d&#8217;Educaci\u00f3 ajorna la preinscripci\u00f3 escolar"},"content":{"rendered":"<p>El Departament d\u2019Educaci\u00f3 ha decidit ajornar la preinscipci\u00f3 escolar del segon cicle d\u2019infantil, prim\u00e0ria i secund\u00e0ria fins que es pugui garantir la seva realitzaci\u00f3 en condicions de normalitat. <\/p>\n<p>Dem\u00e0 al mat\u00ed el Departament ampliar\u00e0 aquesta informaci\u00f3.<\/p>\n","protected":false},"excerpt":{"rendered":"<p>El Departament d\u2019Educaci\u00f3 ha decidit ajornar la preinscipci\u00f3 escolar del segon cicle d\u2019infantil, prim\u00e0ria i secund\u00e0ria fins que es pugui garantir la seva realitzaci\u00f3 en condicions de normalitat.<br \/>\nDem\u00e0 al mat\u00ed el Departament ampliar\u00e0 aquesta informaci\u00f3.<\/p>\n","protected":false},"author":16,"featured_media":7282,"comment_status":"closed","ping_status":"closed","sticky":false,"template":"","format":"standard","meta":{"_bbp_topic_count":0,"_bbp_reply_count":0,"_bbp_total_topic_count":0,"_bbp_total_reply_count":0,"_bbp_voice_count":0,"_bbp_anonymous_reply_count":0,"_bbp_topic_count_hidden":0,"_bbp_reply_count_hidden":0,"_bbp_forum_subforum_count":0,"footnotes":""},"categories":[29],"tags":[],"class_list":["post-7281","post","type-post","status-publish","format-standard","has-post-thumbnail","hentry","category-portada"],"post_mailing_queue_ids":[],"_links":{"self":[{"href":"https:\/\/agora.xtec.cat\/iesacumella\/wp-json\/wp\/v2\/posts\/7281","targetHints":{"allow":["GET"]}}],"collection":[{"href":"https:\/\/agora.xtec.cat\/iesacumella\/wp-json\/wp\/v2\/posts"}],"about":[{"href":"https:\/\/agora.xtec.cat\/iesacumella\/wp-json\/wp\/v2\/types\/post"}],"author":[{"embeddable":true,"href":"https:\/\/agora.xtec.cat\/iesacumella\/wp-json\/wp\/v2\/users\/16"}],"replies":[{"embeddable":true,"href":"https:\/\/agora.xtec.cat\/iesacumella\/wp-json\/wp\/v2\/comments?post=7281"}],"version-history":[{"count":1,"href":"https:\/\/agora.xtec.cat\/iesacumella\/wp-json\/wp\/v2\/posts\/7281\/revisions"}],"predecessor-version":[{"id":7283,"href":"https:\/\/agora.xtec.cat\/iesacumella\/wp-json\/wp\/v2\/posts\/7281\/revisions\/7283"}],"wp:featuredmedia":[{"embeddable":true,"href":"https:\/\/agora.xtec.cat\/iesacumella\/wp-json\/wp\/v2\/media\/7282"}],"wp:attachment":[{"href":"https:\/\/agora.xtec.cat\/iesacumella\/wp-json\/wp\/v2\/media?parent=7281"}],"wp:term":[{"taxonomy":"category","embeddable":true,"href":"https:\/\/agora.xtec.cat\/iesacumella\/wp-json\/wp\/v2\/categories?post=7281"},{"taxonomy":"post_tag","embeddable":true,"href":"https:\/\/agora.xtec.cat\/iesacumella\/wp-json\/wp\/v2\/tags?post=7281"}],"curies":[{"name":"wp","href":"https:\/\/api.w.org\/{rel}","templated":true}]}}