{"id":7260,"date":"2020-03-12T16:00:55","date_gmt":"2020-03-12T15:00:55","guid":{"rendered":"http:\/\/agora.xtec.cat\/iesacumella\/?p=7260"},"modified":"2020-03-12T16:00:55","modified_gmt":"2020-03-12T15:00:55","slug":"tancament-dels-centres-per-evitar-el-contagi-del-covid-19","status":"publish","type":"post","link":"https:\/\/agora.xtec.cat\/iesacumella\/portada\/tancament-dels-centres-per-evitar-el-contagi-del-covid-19\/","title":{"rendered":"Tancament dels centres per evitar el contagi del CoVID-19"},"content":{"rendered":"<p><em>El Departament d\u2019Educaci\u00f3, seguint instruccions del Departament de Salut i com a mesura excepcional per contenir el coronavirus, ha pres la decisi\u00f3 de tancar a partir dem\u00e0 13 de mar\u00e7 de 2020 tots els centres educatius del pa\u00eds i, per tant, han quedat suspeses les classes en horari lectiu i les activitats extraescolars.<\/em><em>Aquesta mesura t\u00e9 prevista una durada inicial de 14 dies (fins el dia 27 de mar\u00e7 de 2020).<\/em><\/p>\n<p>L\u2019entrega del informes d\u2019avaluaci\u00f3 del segon trimestre s\u2019apla\u00e7a fins despr\u00e9s de Setmana Santa.<\/p>\n<p>Els coordinadors de nivell es ficaran en contacte amb l\u2019alumnat per correu electr\u00f2nic per explicar-los\u00a0 les tasques a realitzar durant aquest per\u00edode d\u2019a\u00efllament.<\/p>\n<p><em>Tamb\u00e9 us recordem que cal que seguiu les indicacions, recomanacions i protocols que estableix el Departament de Salut pel que fa a la prevenci\u00f3 del virus i que podeu consultar a <\/em><a href=\"http:\/\/canalsalut.gencat.cat\/coronavirus\"><em>http:\/\/canalsalut.gencat.cat\/coronavirus<\/em><\/a><\/p>\n<p><em>\u00a0<\/em>Us agra\u00efm la vostra comprensi\u00f3 i col\u00b7laboraci\u00f3.<\/p>\n<p>&nbsp;<\/p>\n<p>Atentament<\/p>\n<p>&nbsp;<\/p>\n<p>Llu\u00eds Serra Gil<\/p>\n<p>Director de l\u2019Institut Antoni Cumella<\/p>\n","protected":false},"excerpt":{"rendered":"<p>El Departament d\u2019Educaci\u00f3, seguint instruccions del Departament de Salut i com a mesura excepcional per contenir el coronavirus, ha pres la decisi\u00f3 de tancar a partir dem\u00e0 13 de mar\u00e7 de 2020 tots els centres educatius del pa\u00eds i, per tant, han quedat suspeses les&hellip;  <a href=\"https:\/\/agora.xtec.cat\/iesacumella\/portada\/tancament-dels-centres-per-evitar-el-contagi-del-covid-19\/\" title=\"Read Tancament dels centres per evitar el contagi del CoVID-19\">Llegeix m\u00e9s\u00bb<\/a><\/p>\n","protected":false},"author":16,"featured_media":7258,"comment_status":"closed","ping_status":"closed","sticky":false,"template":"","format":"standard","meta":{"_bbp_topic_count":0,"_bbp_reply_count":0,"_bbp_total_topic_count":0,"_bbp_total_reply_count":0,"_bbp_voice_count":0,"_bbp_anonymous_reply_count":0,"_bbp_topic_count_hidden":0,"_bbp_reply_count_hidden":0,"_bbp_forum_subforum_count":0,"footnotes":""},"categories":[29],"tags":[],"class_list":["post-7260","post","type-post","status-publish","format-standard","has-post-thumbnail","hentry","category-portada"],"post_mailing_queue_ids":[],"_links":{"self":[{"href":"https:\/\/agora.xtec.cat\/iesacumella\/wp-json\/wp\/v2\/posts\/7260","targetHints":{"allow":["GET"]}}],"collection":[{"href":"https:\/\/agora.xtec.cat\/iesacumella\/wp-json\/wp\/v2\/posts"}],"about":[{"href":"https:\/\/agora.xtec.cat\/iesacumella\/wp-json\/wp\/v2\/types\/post"}],"author":[{"embeddable":true,"href":"https:\/\/agora.xtec.cat\/iesacumella\/wp-json\/wp\/v2\/users\/16"}],"replies":[{"embeddable":true,"href":"https:\/\/agora.xtec.cat\/iesacumella\/wp-json\/wp\/v2\/comments?post=7260"}],"version-history":[{"count":1,"href":"https:\/\/agora.xtec.cat\/iesacumella\/wp-json\/wp\/v2\/posts\/7260\/revisions"}],"predecessor-version":[{"id":7261,"href":"https:\/\/agora.xtec.cat\/iesacumella\/wp-json\/wp\/v2\/posts\/7260\/revisions\/7261"}],"wp:featuredmedia":[{"embeddable":true,"href":"https:\/\/agora.xtec.cat\/iesacumella\/wp-json\/wp\/v2\/media\/7258"}],"wp:attachment":[{"href":"https:\/\/agora.xtec.cat\/iesacumella\/wp-json\/wp\/v2\/media?parent=7260"}],"wp:term":[{"taxonomy":"category","embeddable":true,"href":"https:\/\/agora.xtec.cat\/iesacumella\/wp-json\/wp\/v2\/categories?post=7260"},{"taxonomy":"post_tag","embeddable":true,"href":"https:\/\/agora.xtec.cat\/iesacumella\/wp-json\/wp\/v2\/tags?post=7260"}],"curies":[{"name":"wp","href":"https:\/\/api.w.org\/{rel}","templated":true}]}}