{"id":7248,"date":"2020-03-10T09:19:27","date_gmt":"2020-03-10T08:19:27","guid":{"rendered":"http:\/\/agora.xtec.cat\/iesacumella\/?p=7248"},"modified":"2020-03-10T09:19:27","modified_gmt":"2020-03-10T08:19:27","slug":"teatre-antigona","status":"publish","type":"post","link":"https:\/\/agora.xtec.cat\/iesacumella\/portada\/estudis\/batxillerat\/teatre-antigona\/","title":{"rendered":"Teatre Ant\u00edgona"},"content":{"rendered":"<p>Dimecres 4 de mar\u00e7 del 2020, els alumnes de grec de batxillerat vam tenir el plaer de veure la<br \/>\ntrag\u00e8dia de S\u00f2focles, Ant\u00edgona, interpretada pel grup teatral Komos que est\u00e0 format per nois i noies<br \/>\nde l\u2019institut Districte Mar\u00edtim de Val\u00e8ncia.<br \/>\nCal dir que interpretar una tragedia t\u00e9 la seva dificultat, molt de text, pocs personatges i aconseguir<br \/>\nque el p\u00fablic , com deia Arist\u00f2til, arribi a la catarsis, \u00e9s a dir, que pateixi el mateix que els seus<br \/>\npersonatges. Doncs tot aix\u00f2 ho van aconseguir, i molt m\u00e9s, perqu\u00e8 la posada en escena va ser tal<br \/>\ncom la devia veure l\u2019espectador grec, amb el Cor, representant al poble de Tebas, que recitava a<br \/>\nl\u2019un\u00edson, el Corifeu fent de mediador amb els actors protagonistas, i l\u2019element de la dan\u00e7a<br \/>\n,mitjan\u00e7ant una noia simbolitzant T\u00e0natos, la Mort.<br \/>\nDes d\u2019aqu\u00ed els tornem a felicitar per la seva admirable actuaci\u00f3.<\/p>\n<p><a href=\"https:\/\/agora.xtec.cat\/iesacumella\/wp-content\/uploads\/usu1642\/2020\/03\/IMG_20200304_120225_971.jpg\"><img loading=\"lazy\" decoding=\"async\" class=\"alignnone size-large wp-image-7249\" src=\"https:\/\/agora.xtec.cat\/iesacumella\/wp-content\/uploads\/usu1642\/2020\/03\/IMG_20200304_120225_971-1024x759.jpg\" alt=\"\" width=\"1024\" height=\"759\" srcset=\"https:\/\/agora.xtec.cat\/iesacumella\/wp-content\/uploads\/usu1642\/2020\/03\/IMG_20200304_120225_971-1024x759.jpg 1024w, https:\/\/agora.xtec.cat\/iesacumella\/wp-content\/uploads\/usu1642\/2020\/03\/IMG_20200304_120225_971-300x222.jpg 300w, https:\/\/agora.xtec.cat\/iesacumella\/wp-content\/uploads\/usu1642\/2020\/03\/IMG_20200304_120225_971-768x569.jpg 768w, https:\/\/agora.xtec.cat\/iesacumella\/wp-content\/uploads\/usu1642\/2020\/03\/IMG_20200304_120225_971.jpg 1701w\" sizes=\"auto, (max-width: 1024px) 100vw, 1024px\" \/><\/a> <a href=\"https:\/\/agora.xtec.cat\/iesacumella\/wp-content\/uploads\/usu1642\/2020\/03\/IMG_20200304_115024_121-1.jpg\"><img loading=\"lazy\" decoding=\"async\" class=\"alignnone size-large wp-image-7250\" src=\"https:\/\/agora.xtec.cat\/iesacumella\/wp-content\/uploads\/usu1642\/2020\/03\/IMG_20200304_115024_121-1-1024x759.jpg\" alt=\"\" width=\"1024\" height=\"759\" srcset=\"https:\/\/agora.xtec.cat\/iesacumella\/wp-content\/uploads\/usu1642\/2020\/03\/IMG_20200304_115024_121-1-1024x759.jpg 1024w, https:\/\/agora.xtec.cat\/iesacumella\/wp-content\/uploads\/usu1642\/2020\/03\/IMG_20200304_115024_121-1-300x222.jpg 300w, https:\/\/agora.xtec.cat\/iesacumella\/wp-content\/uploads\/usu1642\/2020\/03\/IMG_20200304_115024_121-1-768x569.jpg 768w\" sizes=\"auto, (max-width: 1024px) 100vw, 1024px\" \/><\/a><\/p>\n","protected":false},"excerpt":{"rendered":"<p>Dimecres 4 de mar\u00e7 del 2020, els alumnes de grec de batxillerat vam tenir el plaer de veure la<br \/>\ntrag\u00e8dia de S\u00f2focles, Ant\u00edgona, interpretada pel grup teatral Komos que est\u00e0 format per nois i noies<br \/>\nde l\u2019institut Districte Mar\u00edtim de Val\u00e8ncia.<br \/>\nCal dir que interpretar una tragedia t\u00e9&hellip;  <a href=\"https:\/\/agora.xtec.cat\/iesacumella\/portada\/estudis\/batxillerat\/teatre-antigona\/\" title=\"Read Teatre Ant\u00edgona\">Llegeix m\u00e9s\u00bb<\/a><\/p>\n","protected":false},"author":16,"featured_media":7250,"comment_status":"closed","ping_status":"closed","sticky":false,"template":"","format":"standard","meta":{"_bbp_topic_count":0,"_bbp_reply_count":0,"_bbp_total_topic_count":0,"_bbp_total_reply_count":0,"_bbp_voice_count":0,"_bbp_anonymous_reply_count":0,"_bbp_topic_count_hidden":0,"_bbp_reply_count_hidden":0,"_bbp_forum_subforum_count":0,"footnotes":""},"categories":[8,145,146,103,112,29],"tags":[],"class_list":["post-7248","post","type-post","status-publish","format-standard","has-post-thumbnail","hentry","category-batxillerat","category-batxillerat-diurn","category-batxillerat-nocturn","category-departaments","category-llengues-classiques","category-portada"],"post_mailing_queue_ids":[],"_links":{"self":[{"href":"https:\/\/agora.xtec.cat\/iesacumella\/wp-json\/wp\/v2\/posts\/7248","targetHints":{"allow":["GET"]}}],"collection":[{"href":"https:\/\/agora.xtec.cat\/iesacumella\/wp-json\/wp\/v2\/posts"}],"about":[{"href":"https:\/\/agora.xtec.cat\/iesacumella\/wp-json\/wp\/v2\/types\/post"}],"author":[{"embeddable":true,"href":"https:\/\/agora.xtec.cat\/iesacumella\/wp-json\/wp\/v2\/users\/16"}],"replies":[{"embeddable":true,"href":"https:\/\/agora.xtec.cat\/iesacumella\/wp-json\/wp\/v2\/comments?post=7248"}],"version-history":[{"count":1,"href":"https:\/\/agora.xtec.cat\/iesacumella\/wp-json\/wp\/v2\/posts\/7248\/revisions"}],"predecessor-version":[{"id":7251,"href":"https:\/\/agora.xtec.cat\/iesacumella\/wp-json\/wp\/v2\/posts\/7248\/revisions\/7251"}],"wp:featuredmedia":[{"embeddable":true,"href":"https:\/\/agora.xtec.cat\/iesacumella\/wp-json\/wp\/v2\/media\/7250"}],"wp:attachment":[{"href":"https:\/\/agora.xtec.cat\/iesacumella\/wp-json\/wp\/v2\/media?parent=7248"}],"wp:term":[{"taxonomy":"category","embeddable":true,"href":"https:\/\/agora.xtec.cat\/iesacumella\/wp-json\/wp\/v2\/categories?post=7248"},{"taxonomy":"post_tag","embeddable":true,"href":"https:\/\/agora.xtec.cat\/iesacumella\/wp-json\/wp\/v2\/tags?post=7248"}],"curies":[{"name":"wp","href":"https:\/\/api.w.org\/{rel}","templated":true}]}}