{"id":7206,"date":"2020-02-03T17:26:46","date_gmt":"2020-02-03T16:26:46","guid":{"rendered":"http:\/\/agora.xtec.cat\/iesacumella\/?p=7206"},"modified":"2020-02-03T17:26:46","modified_gmt":"2020-02-03T16:26:46","slug":"lliurament-dels-diplomes-delf","status":"publish","type":"post","link":"https:\/\/agora.xtec.cat\/iesacumella\/portada\/estudis\/eso\/lliurament-dels-diplomes-delf\/","title":{"rendered":"Lliurament dels diplomes DELF"},"content":{"rendered":"<p><span style=\"font-weight: 400;\">Un any m\u00e9s, els alumnes\u00a0 de l\u2019Institut Antoni Cumella que van participar a la convocat\u00f2ria del curs 2018-19\u00a0 ja han recollit el seu diploma DELF (Dipl\u00f4me d\u2019\u00c9tudes en Langue Fran\u00e7aise) atorgat pel Ministeri d\u2019Educaci\u00f3 franc\u00e8s i reconegut arreu del m\u00f3n. Tot i que no tots han pogut sortir a la foto, s\u00f3n vuit els nois i noies que van passar les proves amb \u00e8xit, representant el 100% d\u2019aprovats. Enhorabona a tots i totes pels resultats!\u00a0<\/span><\/p>\n<p><a href=\"https:\/\/agora.xtec.cat\/iesacumella\/wp-content\/uploads\/usu1642\/2020\/02\/IMG_0370.jpg\"><img loading=\"lazy\" decoding=\"async\" class=\"alignnone size-large wp-image-7207\" src=\"https:\/\/agora.xtec.cat\/iesacumella\/wp-content\/uploads\/usu1642\/2020\/02\/IMG_0370-1024x703.jpg\" alt=\"\" width=\"1024\" height=\"703\" srcset=\"https:\/\/agora.xtec.cat\/iesacumella\/wp-content\/uploads\/usu1642\/2020\/02\/IMG_0370-1024x703.jpg 1024w, https:\/\/agora.xtec.cat\/iesacumella\/wp-content\/uploads\/usu1642\/2020\/02\/IMG_0370-300x206.jpg 300w, https:\/\/agora.xtec.cat\/iesacumella\/wp-content\/uploads\/usu1642\/2020\/02\/IMG_0370-768x527.jpg 768w, https:\/\/agora.xtec.cat\/iesacumella\/wp-content\/uploads\/usu1642\/2020\/02\/IMG_0370.jpg 1701w\" sizes=\"auto, (max-width: 1024px) 100vw, 1024px\" \/><\/a><\/p>\n","protected":false},"excerpt":{"rendered":"<p>Un any m\u00e9s, els alumnes\u00a0 de l\u2019Institut Antoni Cumella que van participar a la convocat\u00f2ria del curs 2018-19\u00a0 ja han recollit el seu diploma DELF (Dipl\u00f4me d\u2019\u00c9tudes en Langue Fran\u00e7aise) atorgat pel Ministeri d\u2019Educaci\u00f3 franc\u00e8s i reconegut arreu del m\u00f3n. Tot i que no tots&hellip;  <a href=\"https:\/\/agora.xtec.cat\/iesacumella\/portada\/estudis\/eso\/lliurament-dels-diplomes-delf\/\" title=\"Read Lliurament dels diplomes DELF\">Llegeix m\u00e9s\u00bb<\/a><\/p>\n","protected":false},"author":16,"featured_media":7207,"comment_status":"closed","ping_status":"closed","sticky":false,"template":"","format":"standard","meta":{"_bbp_topic_count":0,"_bbp_reply_count":0,"_bbp_total_topic_count":0,"_bbp_total_reply_count":0,"_bbp_voice_count":0,"_bbp_anonymous_reply_count":0,"_bbp_topic_count_hidden":0,"_bbp_reply_count_hidden":0,"_bbp_forum_subforum_count":0,"footnotes":""},"categories":[8,103,3,113,29],"tags":[],"class_list":["post-7206","post","type-post","status-publish","format-standard","has-post-thumbnail","hentry","category-batxillerat","category-departaments","category-eso","category-llengues-estrangeres","category-portada"],"post_mailing_queue_ids":[],"_links":{"self":[{"href":"https:\/\/agora.xtec.cat\/iesacumella\/wp-json\/wp\/v2\/posts\/7206","targetHints":{"allow":["GET"]}}],"collection":[{"href":"https:\/\/agora.xtec.cat\/iesacumella\/wp-json\/wp\/v2\/posts"}],"about":[{"href":"https:\/\/agora.xtec.cat\/iesacumella\/wp-json\/wp\/v2\/types\/post"}],"author":[{"embeddable":true,"href":"https:\/\/agora.xtec.cat\/iesacumella\/wp-json\/wp\/v2\/users\/16"}],"replies":[{"embeddable":true,"href":"https:\/\/agora.xtec.cat\/iesacumella\/wp-json\/wp\/v2\/comments?post=7206"}],"version-history":[{"count":1,"href":"https:\/\/agora.xtec.cat\/iesacumella\/wp-json\/wp\/v2\/posts\/7206\/revisions"}],"predecessor-version":[{"id":7208,"href":"https:\/\/agora.xtec.cat\/iesacumella\/wp-json\/wp\/v2\/posts\/7206\/revisions\/7208"}],"wp:featuredmedia":[{"embeddable":true,"href":"https:\/\/agora.xtec.cat\/iesacumella\/wp-json\/wp\/v2\/media\/7207"}],"wp:attachment":[{"href":"https:\/\/agora.xtec.cat\/iesacumella\/wp-json\/wp\/v2\/media?parent=7206"}],"wp:term":[{"taxonomy":"category","embeddable":true,"href":"https:\/\/agora.xtec.cat\/iesacumella\/wp-json\/wp\/v2\/categories?post=7206"},{"taxonomy":"post_tag","embeddable":true,"href":"https:\/\/agora.xtec.cat\/iesacumella\/wp-json\/wp\/v2\/tags?post=7206"}],"curies":[{"name":"wp","href":"https:\/\/api.w.org\/{rel}","templated":true}]}}