{"id":7192,"date":"2020-01-16T18:29:39","date_gmt":"2020-01-16T17:29:39","guid":{"rendered":"http:\/\/agora.xtec.cat\/iesacumella\/?p=7192"},"modified":"2020-01-16T18:29:39","modified_gmt":"2020-01-16T17:29:39","slug":"sessio-booktrailer-1esoa","status":"publish","type":"post","link":"https:\/\/agora.xtec.cat\/iesacumella\/portada\/estudis\/eso\/sessio-booktrailer-1esoa\/","title":{"rendered":"Sessi\u00f3 Booktr\u00e0iler (1ESOA)"},"content":{"rendered":"<p>Ha estat motivador, engrescador i quasi m\u00e0gic!\u00a0Aquest mat\u00ed ens ha visitat a l\u2019aula de 1ESOA una narradora oral, apassionada, curiosa, inquieta i somiatruites; la Mon i ens ha ens obert els ulls, el cor i els sentiments d\u2019un llibre que acabem de llegir \u201cUn monstre em ve a veure\u201d . Projecte construir un booktrailer.<\/p>\n<p><a href=\"https:\/\/agora.xtec.cat\/iesacumella\/wp-content\/uploads\/usu1642\/2020\/01\/9B86C2A7-F38B-4DC0-9C70-AB3C356933A2.jpeg\"><img loading=\"lazy\" decoding=\"async\" class=\"alignnone size-large wp-image-7193\" src=\"https:\/\/agora.xtec.cat\/iesacumella\/wp-content\/uploads\/usu1642\/2020\/01\/9B86C2A7-F38B-4DC0-9C70-AB3C356933A2-1024x767.jpeg\" alt=\"\" width=\"1024\" height=\"767\" srcset=\"https:\/\/agora.xtec.cat\/iesacumella\/wp-content\/uploads\/usu1642\/2020\/01\/9B86C2A7-F38B-4DC0-9C70-AB3C356933A2-1024x767.jpeg 1024w, https:\/\/agora.xtec.cat\/iesacumella\/wp-content\/uploads\/usu1642\/2020\/01\/9B86C2A7-F38B-4DC0-9C70-AB3C356933A2-300x225.jpeg 300w, https:\/\/agora.xtec.cat\/iesacumella\/wp-content\/uploads\/usu1642\/2020\/01\/9B86C2A7-F38B-4DC0-9C70-AB3C356933A2-768x575.jpeg 768w, https:\/\/agora.xtec.cat\/iesacumella\/wp-content\/uploads\/usu1642\/2020\/01\/9B86C2A7-F38B-4DC0-9C70-AB3C356933A2-200x150.jpeg 200w, https:\/\/agora.xtec.cat\/iesacumella\/wp-content\/uploads\/usu1642\/2020\/01\/9B86C2A7-F38B-4DC0-9C70-AB3C356933A2.jpeg 1630w\" sizes=\"auto, (max-width: 1024px) 100vw, 1024px\" \/><\/a><\/p>\n","protected":false},"excerpt":{"rendered":"<p>Ha estat motivador, engrescador i quasi m\u00e0gic!\u00a0Aquest mat\u00ed ens ha visitat a l\u2019aula de 1ESOA una narradora oral, apassionada, curiosa, inquieta i somiatruites; la Mon i ens ha ens obert els ulls, el cor i els sentiments d\u2019un llibre que acabem de llegir \u201cUn monstre&hellip;  <a href=\"https:\/\/agora.xtec.cat\/iesacumella\/portada\/estudis\/eso\/sessio-booktrailer-1esoa\/\" title=\"Read Sessi\u00f3 Booktr\u00e0iler (1ESOA)\">Llegeix m\u00e9s\u00bb<\/a><\/p>\n","protected":false},"author":16,"featured_media":7193,"comment_status":"closed","ping_status":"closed","sticky":false,"template":"","format":"standard","meta":{"_bbp_topic_count":0,"_bbp_reply_count":0,"_bbp_total_topic_count":0,"_bbp_total_reply_count":0,"_bbp_voice_count":0,"_bbp_anonymous_reply_count":0,"_bbp_topic_count_hidden":0,"_bbp_reply_count_hidden":0,"_bbp_forum_subforum_count":0,"footnotes":""},"categories":[125,103,3,111,29],"tags":[],"class_list":["post-7192","post","type-post","status-publish","format-standard","has-post-thumbnail","hentry","category-1r-eso","category-departaments","category-eso","category-llengua-catalana","category-portada"],"post_mailing_queue_ids":[],"_links":{"self":[{"href":"https:\/\/agora.xtec.cat\/iesacumella\/wp-json\/wp\/v2\/posts\/7192","targetHints":{"allow":["GET"]}}],"collection":[{"href":"https:\/\/agora.xtec.cat\/iesacumella\/wp-json\/wp\/v2\/posts"}],"about":[{"href":"https:\/\/agora.xtec.cat\/iesacumella\/wp-json\/wp\/v2\/types\/post"}],"author":[{"embeddable":true,"href":"https:\/\/agora.xtec.cat\/iesacumella\/wp-json\/wp\/v2\/users\/16"}],"replies":[{"embeddable":true,"href":"https:\/\/agora.xtec.cat\/iesacumella\/wp-json\/wp\/v2\/comments?post=7192"}],"version-history":[{"count":1,"href":"https:\/\/agora.xtec.cat\/iesacumella\/wp-json\/wp\/v2\/posts\/7192\/revisions"}],"predecessor-version":[{"id":7194,"href":"https:\/\/agora.xtec.cat\/iesacumella\/wp-json\/wp\/v2\/posts\/7192\/revisions\/7194"}],"wp:featuredmedia":[{"embeddable":true,"href":"https:\/\/agora.xtec.cat\/iesacumella\/wp-json\/wp\/v2\/media\/7193"}],"wp:attachment":[{"href":"https:\/\/agora.xtec.cat\/iesacumella\/wp-json\/wp\/v2\/media?parent=7192"}],"wp:term":[{"taxonomy":"category","embeddable":true,"href":"https:\/\/agora.xtec.cat\/iesacumella\/wp-json\/wp\/v2\/categories?post=7192"},{"taxonomy":"post_tag","embeddable":true,"href":"https:\/\/agora.xtec.cat\/iesacumella\/wp-json\/wp\/v2\/tags?post=7192"}],"curies":[{"name":"wp","href":"https:\/\/api.w.org\/{rel}","templated":true}]}}