{"id":7151,"date":"2020-01-15T12:10:09","date_gmt":"2020-01-15T11:10:09","guid":{"rendered":"http:\/\/agora.xtec.cat\/iesacumella\/?p=7151"},"modified":"2020-01-15T12:10:09","modified_gmt":"2020-01-15T11:10:09","slug":"visita-al-museu-de-la-colonia-vidal","status":"publish","type":"post","link":"https:\/\/agora.xtec.cat\/iesacumella\/portada\/visita-al-museu-de-la-colonia-vidal\/","title":{"rendered":"Visita al Museu de la Col\u00f2nia Vidal"},"content":{"rendered":"<p>Els alumnes de 4t han estat visitant tant el complexe industrial t\u00e8xtil com els diferents edificis que constitu\u00efen la col\u00f2nia Vidal a la vora del riu Llobregat. All\u00ed han pogut veure com transcorria la vida quotidiana dels treballadors de la f\u00e0brica i de les seves fam\u00edlies. La sortida s&#8217;emmarca dintre del treball de la mat\u00e8ria d&#8217;hist\u00f2ria sobre la Revoluci\u00f3 Industrial a Catalunya.<\/p>\n<p><a href=\"https:\/\/agora.xtec.cat\/iesacumella\/wp-content\/uploads\/usu1642\/2020\/01\/IMG-20200114-WA0014.jpg\"><img loading=\"lazy\" decoding=\"async\" class=\"alignnone size-large wp-image-7152\" src=\"https:\/\/agora.xtec.cat\/iesacumella\/wp-content\/uploads\/usu1642\/2020\/01\/IMG-20200114-WA0014-1024x768.jpg\" alt=\"\" width=\"1024\" height=\"768\" srcset=\"https:\/\/agora.xtec.cat\/iesacumella\/wp-content\/uploads\/usu1642\/2020\/01\/IMG-20200114-WA0014-1024x768.jpg 1024w, https:\/\/agora.xtec.cat\/iesacumella\/wp-content\/uploads\/usu1642\/2020\/01\/IMG-20200114-WA0014-300x225.jpg 300w, https:\/\/agora.xtec.cat\/iesacumella\/wp-content\/uploads\/usu1642\/2020\/01\/IMG-20200114-WA0014-768x576.jpg 768w, https:\/\/agora.xtec.cat\/iesacumella\/wp-content\/uploads\/usu1642\/2020\/01\/IMG-20200114-WA0014-200x150.jpg 200w, https:\/\/agora.xtec.cat\/iesacumella\/wp-content\/uploads\/usu1642\/2020\/01\/IMG-20200114-WA0014.jpg 1600w\" sizes=\"auto, (max-width: 1024px) 100vw, 1024px\" \/><\/a> <a href=\"https:\/\/agora.xtec.cat\/iesacumella\/wp-content\/uploads\/usu1642\/2020\/01\/IMG-20200114-WA0012.jpg\"><img loading=\"lazy\" decoding=\"async\" class=\"alignnone size-large wp-image-7153\" src=\"https:\/\/agora.xtec.cat\/iesacumella\/wp-content\/uploads\/usu1642\/2020\/01\/IMG-20200114-WA0012-1024x768.jpg\" alt=\"\" width=\"1024\" height=\"768\" srcset=\"https:\/\/agora.xtec.cat\/iesacumella\/wp-content\/uploads\/usu1642\/2020\/01\/IMG-20200114-WA0012-1024x768.jpg 1024w, https:\/\/agora.xtec.cat\/iesacumella\/wp-content\/uploads\/usu1642\/2020\/01\/IMG-20200114-WA0012-300x225.jpg 300w, https:\/\/agora.xtec.cat\/iesacumella\/wp-content\/uploads\/usu1642\/2020\/01\/IMG-20200114-WA0012-768x576.jpg 768w, https:\/\/agora.xtec.cat\/iesacumella\/wp-content\/uploads\/usu1642\/2020\/01\/IMG-20200114-WA0012-200x150.jpg 200w, https:\/\/agora.xtec.cat\/iesacumella\/wp-content\/uploads\/usu1642\/2020\/01\/IMG-20200114-WA0012.jpg 1600w\" sizes=\"auto, (max-width: 1024px) 100vw, 1024px\" \/><\/a> <a href=\"https:\/\/agora.xtec.cat\/iesacumella\/wp-content\/uploads\/usu1642\/2020\/01\/IMG-20200114-WA0006.jpg\"><img loading=\"lazy\" decoding=\"async\" class=\"alignnone size-large wp-image-7154\" src=\"https:\/\/agora.xtec.cat\/iesacumella\/wp-content\/uploads\/usu1642\/2020\/01\/IMG-20200114-WA0006-1024x768.jpg\" alt=\"\" width=\"1024\" height=\"768\" srcset=\"https:\/\/agora.xtec.cat\/iesacumella\/wp-content\/uploads\/usu1642\/2020\/01\/IMG-20200114-WA0006-1024x768.jpg 1024w, https:\/\/agora.xtec.cat\/iesacumella\/wp-content\/uploads\/usu1642\/2020\/01\/IMG-20200114-WA0006-300x225.jpg 300w, https:\/\/agora.xtec.cat\/iesacumella\/wp-content\/uploads\/usu1642\/2020\/01\/IMG-20200114-WA0006-768x576.jpg 768w, https:\/\/agora.xtec.cat\/iesacumella\/wp-content\/uploads\/usu1642\/2020\/01\/IMG-20200114-WA0006-200x150.jpg 200w, https:\/\/agora.xtec.cat\/iesacumella\/wp-content\/uploads\/usu1642\/2020\/01\/IMG-20200114-WA0006.jpg 1600w\" sizes=\"auto, (max-width: 1024px) 100vw, 1024px\" \/><\/a> <a href=\"https:\/\/agora.xtec.cat\/iesacumella\/wp-content\/uploads\/usu1642\/2020\/01\/IMG-20200114-WA0001.jpg\"><img loading=\"lazy\" decoding=\"async\" class=\"alignnone size-large wp-image-7155\" src=\"https:\/\/agora.xtec.cat\/iesacumella\/wp-content\/uploads\/usu1642\/2020\/01\/IMG-20200114-WA0001-1024x768.jpg\" alt=\"\" width=\"1024\" height=\"768\" srcset=\"https:\/\/agora.xtec.cat\/iesacumella\/wp-content\/uploads\/usu1642\/2020\/01\/IMG-20200114-WA0001-1024x768.jpg 1024w, https:\/\/agora.xtec.cat\/iesacumella\/wp-content\/uploads\/usu1642\/2020\/01\/IMG-20200114-WA0001-300x225.jpg 300w, https:\/\/agora.xtec.cat\/iesacumella\/wp-content\/uploads\/usu1642\/2020\/01\/IMG-20200114-WA0001-768x576.jpg 768w, https:\/\/agora.xtec.cat\/iesacumella\/wp-content\/uploads\/usu1642\/2020\/01\/IMG-20200114-WA0001-200x150.jpg 200w, https:\/\/agora.xtec.cat\/iesacumella\/wp-content\/uploads\/usu1642\/2020\/01\/IMG-20200114-WA0001.jpg 1600w\" sizes=\"auto, (max-width: 1024px) 100vw, 1024px\" \/><\/a> <a href=\"https:\/\/agora.xtec.cat\/iesacumella\/wp-content\/uploads\/usu1642\/2020\/01\/IMG-20200114-WA0004.jpg\"><img loading=\"lazy\" decoding=\"async\" class=\"alignnone size-large wp-image-7156\" src=\"https:\/\/agora.xtec.cat\/iesacumella\/wp-content\/uploads\/usu1642\/2020\/01\/IMG-20200114-WA0004-1024x768.jpg\" alt=\"\" width=\"1024\" height=\"768\" srcset=\"https:\/\/agora.xtec.cat\/iesacumella\/wp-content\/uploads\/usu1642\/2020\/01\/IMG-20200114-WA0004-1024x768.jpg 1024w, https:\/\/agora.xtec.cat\/iesacumella\/wp-content\/uploads\/usu1642\/2020\/01\/IMG-20200114-WA0004-300x225.jpg 300w, https:\/\/agora.xtec.cat\/iesacumella\/wp-content\/uploads\/usu1642\/2020\/01\/IMG-20200114-WA0004-768x576.jpg 768w, https:\/\/agora.xtec.cat\/iesacumella\/wp-content\/uploads\/usu1642\/2020\/01\/IMG-20200114-WA0004-200x150.jpg 200w, https:\/\/agora.xtec.cat\/iesacumella\/wp-content\/uploads\/usu1642\/2020\/01\/IMG-20200114-WA0004.jpg 1600w\" sizes=\"auto, (max-width: 1024px) 100vw, 1024px\" \/><\/a><\/p>\n","protected":false},"excerpt":{"rendered":"<p>Els alumnes de 4t han estat visitant tant el complexe industrial t\u00e8xtil com els diferents edificis que constitu\u00efen la col\u00f2nia Vidal a la vora del riu Llobregat. All\u00ed han pogut veure com transcorria la vida quotidiana dels treballadors de la f\u00e0brica i de les seves&hellip;  <a href=\"https:\/\/agora.xtec.cat\/iesacumella\/portada\/visita-al-museu-de-la-colonia-vidal\/\" title=\"Read Visita al Museu de la Col\u00f2nia Vidal\">Llegeix m\u00e9s\u00bb<\/a><\/p>\n","protected":false},"author":16,"featured_media":7153,"comment_status":"closed","ping_status":"closed","sticky":false,"template":"","format":"standard","meta":{"_bbp_topic_count":0,"_bbp_reply_count":0,"_bbp_total_topic_count":0,"_bbp_total_reply_count":0,"_bbp_voice_count":0,"_bbp_anonymous_reply_count":0,"_bbp_topic_count_hidden":0,"_bbp_reply_count_hidden":0,"_bbp_forum_subforum_count":0,"footnotes":""},"categories":[131,103,29],"tags":[],"class_list":["post-7151","post","type-post","status-publish","format-standard","has-post-thumbnail","hentry","category-ciencies-socials","category-departaments","category-portada"],"post_mailing_queue_ids":[],"_links":{"self":[{"href":"https:\/\/agora.xtec.cat\/iesacumella\/wp-json\/wp\/v2\/posts\/7151","targetHints":{"allow":["GET"]}}],"collection":[{"href":"https:\/\/agora.xtec.cat\/iesacumella\/wp-json\/wp\/v2\/posts"}],"about":[{"href":"https:\/\/agora.xtec.cat\/iesacumella\/wp-json\/wp\/v2\/types\/post"}],"author":[{"embeddable":true,"href":"https:\/\/agora.xtec.cat\/iesacumella\/wp-json\/wp\/v2\/users\/16"}],"replies":[{"embeddable":true,"href":"https:\/\/agora.xtec.cat\/iesacumella\/wp-json\/wp\/v2\/comments?post=7151"}],"version-history":[{"count":1,"href":"https:\/\/agora.xtec.cat\/iesacumella\/wp-json\/wp\/v2\/posts\/7151\/revisions"}],"predecessor-version":[{"id":7157,"href":"https:\/\/agora.xtec.cat\/iesacumella\/wp-json\/wp\/v2\/posts\/7151\/revisions\/7157"}],"wp:featuredmedia":[{"embeddable":true,"href":"https:\/\/agora.xtec.cat\/iesacumella\/wp-json\/wp\/v2\/media\/7153"}],"wp:attachment":[{"href":"https:\/\/agora.xtec.cat\/iesacumella\/wp-json\/wp\/v2\/media?parent=7151"}],"wp:term":[{"taxonomy":"category","embeddable":true,"href":"https:\/\/agora.xtec.cat\/iesacumella\/wp-json\/wp\/v2\/categories?post=7151"},{"taxonomy":"post_tag","embeddable":true,"href":"https:\/\/agora.xtec.cat\/iesacumella\/wp-json\/wp\/v2\/tags?post=7151"}],"curies":[{"name":"wp","href":"https:\/\/api.w.org\/{rel}","templated":true}]}}