{"id":7143,"date":"2020-01-14T10:07:25","date_gmt":"2020-01-14T09:07:25","guid":{"rendered":"http:\/\/agora.xtec.cat\/iesacumella\/?p=7143"},"modified":"2020-01-14T10:15:43","modified_gmt":"2020-01-14T09:15:43","slug":"debat-a-laula","status":"publish","type":"post","link":"https:\/\/agora.xtec.cat\/iesacumella\/portada\/general\/debat-a-laula\/","title":{"rendered":"Debat a l&#8217;aula"},"content":{"rendered":"<p>A les classes de catal\u00e0 de 3r d&#8217;ESO ens encanta discutir de tot. Avui hem elaborat un debat a l&#8217;aula de manera estructurada i organitzada. Hem dividit la classe en grups d&#8217;opini\u00f3 i cada grup havia d&#8217;escollir un tema actual i social d&#8217;inter\u00e8s. Els alumnes han volgut parlar de temes com: el l\u00edmit de la llibertat d&#8217;expressi\u00f3, l&#8217;eutan\u00e0sia, la immigraci\u00f3 o el feminisme. A cada debat, hem assignat diferents rols entre l&#8217;alumnat: els moderadors, el p\u00fablic i els experts.\u00a0El debat ha estat enregistrat i els alumnes s&#8217;han avaluat entre ells, comentant els errors que havien tingut i tamb\u00e9 les coses que havien fet b\u00e9.<\/p>\n<p><iframe loading=\"lazy\" src=\"https:\/\/www.youtube.com\/embed\/XTdkDBfl_-w\" width=\"640\" height=\"360\" frameborder=\"0\" allowfullscreen=\"allowfullscreen\"><\/iframe><br \/>\n<iframe loading=\"lazy\" src=\"https:\/\/www.youtube.com\/embed\/ClCnk5ZbjIQ\" width=\"640\" height=\"360\" frameborder=\"0\" allowfullscreen=\"allowfullscreen\"><\/iframe><\/p>\n","protected":false},"excerpt":{"rendered":"<p>A les classes de catal\u00e0 de 3r d&#8217;ESO ens encanta discutir de tot. Avui hem elaborat un debat a l&#8217;aula de manera estructurada i organitzada. Hem dividit la classe en grups d&#8217;opini\u00f3 i cada grup havia d&#8217;escollir un tema actual i social d&#8217;inter\u00e8s. Els alumnes&hellip;  <a href=\"https:\/\/agora.xtec.cat\/iesacumella\/portada\/general\/debat-a-laula\/\" title=\"Read Debat a l&#8217;aula\">Llegeix m\u00e9s\u00bb<\/a><\/p>\n","protected":false},"author":16,"featured_media":7145,"comment_status":"closed","ping_status":"closed","sticky":false,"template":"","format":"standard","meta":{"_bbp_topic_count":0,"_bbp_reply_count":0,"_bbp_total_topic_count":0,"_bbp_total_reply_count":0,"_bbp_voice_count":0,"_bbp_anonymous_reply_count":0,"_bbp_topic_count_hidden":0,"_bbp_reply_count_hidden":0,"_bbp_forum_subforum_count":0,"footnotes":""},"categories":[150,103,1,111,29,117],"tags":[],"class_list":["post-7143","post","type-post","status-publish","format-standard","has-post-thumbnail","hentry","category-avancem","category-departaments","category-general","category-llengua-catalana","category-portada","category-projectes"],"post_mailing_queue_ids":[],"_links":{"self":[{"href":"https:\/\/agora.xtec.cat\/iesacumella\/wp-json\/wp\/v2\/posts\/7143","targetHints":{"allow":["GET"]}}],"collection":[{"href":"https:\/\/agora.xtec.cat\/iesacumella\/wp-json\/wp\/v2\/posts"}],"about":[{"href":"https:\/\/agora.xtec.cat\/iesacumella\/wp-json\/wp\/v2\/types\/post"}],"author":[{"embeddable":true,"href":"https:\/\/agora.xtec.cat\/iesacumella\/wp-json\/wp\/v2\/users\/16"}],"replies":[{"embeddable":true,"href":"https:\/\/agora.xtec.cat\/iesacumella\/wp-json\/wp\/v2\/comments?post=7143"}],"version-history":[{"count":1,"href":"https:\/\/agora.xtec.cat\/iesacumella\/wp-json\/wp\/v2\/posts\/7143\/revisions"}],"predecessor-version":[{"id":7144,"href":"https:\/\/agora.xtec.cat\/iesacumella\/wp-json\/wp\/v2\/posts\/7143\/revisions\/7144"}],"wp:featuredmedia":[{"embeddable":true,"href":"https:\/\/agora.xtec.cat\/iesacumella\/wp-json\/wp\/v2\/media\/7145"}],"wp:attachment":[{"href":"https:\/\/agora.xtec.cat\/iesacumella\/wp-json\/wp\/v2\/media?parent=7143"}],"wp:term":[{"taxonomy":"category","embeddable":true,"href":"https:\/\/agora.xtec.cat\/iesacumella\/wp-json\/wp\/v2\/categories?post=7143"},{"taxonomy":"post_tag","embeddable":true,"href":"https:\/\/agora.xtec.cat\/iesacumella\/wp-json\/wp\/v2\/tags?post=7143"}],"curies":[{"name":"wp","href":"https:\/\/api.w.org\/{rel}","templated":true}]}}