{"id":7124,"date":"2019-12-19T13:24:09","date_gmt":"2019-12-19T12:24:09","guid":{"rendered":"http:\/\/agora.xtec.cat\/iesacumella\/?p=7124"},"modified":"2019-12-19T13:24:35","modified_gmt":"2019-12-19T12:24:35","slug":"sortida-a-la-filmoteca","status":"publish","type":"post","link":"https:\/\/agora.xtec.cat\/iesacumella\/portada\/general\/sortida-a-la-filmoteca\/","title":{"rendered":"Sortida a la Filmoteca"},"content":{"rendered":"<p>Dimecres 18 de desembre els alumnes de 4t de Cinematografia vam anar a la Filmoteca de Catalunya a veure la pel\u00b7l\u00edcula &#8220;Estiu 1993&#8221;, dirigida per la Carla Sim\u00f3n i premiada, entre altres, a millor pel\u00b7l\u00edcula en llengua catalana en els Premis Gaud\u00ed 2018. Despr\u00e9s de la sessi\u00f3 vam tenir la sort de poder xerrar amb la Carla, qui ens va explicar tots els secrets del proc\u00e9s de creaci\u00f3, del treball amb els actors, an\u00e8cdotes del rodatge&#8230; Va ser un dia per recordar!<\/p>\n<p><a href=\"https:\/\/agora.xtec.cat\/iesacumella\/wp-content\/uploads\/usu1642\/2019\/12\/IMG_0820.jpg\"><img loading=\"lazy\" decoding=\"async\" class=\"alignnone size-large wp-image-7125\" src=\"https:\/\/agora.xtec.cat\/iesacumella\/wp-content\/uploads\/usu1642\/2019\/12\/IMG_0820-1024x768.jpg\" alt=\"\" width=\"1024\" height=\"768\" srcset=\"https:\/\/agora.xtec.cat\/iesacumella\/wp-content\/uploads\/usu1642\/2019\/12\/IMG_0820-1024x768.jpg 1024w, https:\/\/agora.xtec.cat\/iesacumella\/wp-content\/uploads\/usu1642\/2019\/12\/IMG_0820-300x225.jpg 300w, https:\/\/agora.xtec.cat\/iesacumella\/wp-content\/uploads\/usu1642\/2019\/12\/IMG_0820-768x576.jpg 768w, https:\/\/agora.xtec.cat\/iesacumella\/wp-content\/uploads\/usu1642\/2019\/12\/IMG_0820-200x150.jpg 200w, https:\/\/agora.xtec.cat\/iesacumella\/wp-content\/uploads\/usu1642\/2019\/12\/IMG_0820.jpg 1701w\" sizes=\"auto, (max-width: 1024px) 100vw, 1024px\" \/><\/a> <a href=\"https:\/\/agora.xtec.cat\/iesacumella\/wp-content\/uploads\/usu1642\/2019\/12\/IMG_0818.jpg\"><img loading=\"lazy\" decoding=\"async\" class=\"alignnone size-large wp-image-7126\" src=\"https:\/\/agora.xtec.cat\/iesacumella\/wp-content\/uploads\/usu1642\/2019\/12\/IMG_0818-1024x768.jpg\" alt=\"\" width=\"1024\" height=\"768\" srcset=\"https:\/\/agora.xtec.cat\/iesacumella\/wp-content\/uploads\/usu1642\/2019\/12\/IMG_0818-1024x768.jpg 1024w, https:\/\/agora.xtec.cat\/iesacumella\/wp-content\/uploads\/usu1642\/2019\/12\/IMG_0818-300x225.jpg 300w, https:\/\/agora.xtec.cat\/iesacumella\/wp-content\/uploads\/usu1642\/2019\/12\/IMG_0818-768x576.jpg 768w, https:\/\/agora.xtec.cat\/iesacumella\/wp-content\/uploads\/usu1642\/2019\/12\/IMG_0818-200x150.jpg 200w\" sizes=\"auto, (max-width: 1024px) 100vw, 1024px\" \/><\/a> <a href=\"https:\/\/agora.xtec.cat\/iesacumella\/wp-content\/uploads\/usu1642\/2019\/12\/ESTIU1993_postercat_CARTEL_OK-320x457.jpg\"><img loading=\"lazy\" decoding=\"async\" class=\"alignnone size-large wp-image-7127\" src=\"https:\/\/agora.xtec.cat\/iesacumella\/wp-content\/uploads\/usu1642\/2019\/12\/ESTIU1993_postercat_CARTEL_OK-320x457.jpg\" alt=\"\" width=\"320\" height=\"457\" srcset=\"https:\/\/agora.xtec.cat\/iesacumella\/wp-content\/uploads\/usu1642\/2019\/12\/ESTIU1993_postercat_CARTEL_OK-320x457.jpg 320w, https:\/\/agora.xtec.cat\/iesacumella\/wp-content\/uploads\/usu1642\/2019\/12\/ESTIU1993_postercat_CARTEL_OK-320x457-210x300.jpg 210w\" sizes=\"auto, (max-width: 320px) 100vw, 320px\" \/><\/a><\/p>\n","protected":false},"excerpt":{"rendered":"<p>Dimecres 18 de desembre els alumnes de 4t de Cinematografia vam anar a la Filmoteca de Catalunya a veure la pel\u00b7l\u00edcula &#8220;Estiu 1993&#8221;, dirigida per la Carla Sim\u00f3n i premiada, entre altres, a millor pel\u00b7l\u00edcula en llengua catalana en els Premis Gaud\u00ed 2018. Despr\u00e9s de&hellip;  <a href=\"https:\/\/agora.xtec.cat\/iesacumella\/portada\/general\/sortida-a-la-filmoteca\/\" title=\"Read Sortida a la Filmoteca\">Llegeix m\u00e9s\u00bb<\/a><\/p>\n","protected":false},"author":16,"featured_media":7125,"comment_status":"closed","ping_status":"closed","sticky":false,"template":"","format":"standard","meta":{"_bbp_topic_count":0,"_bbp_reply_count":0,"_bbp_total_topic_count":0,"_bbp_total_reply_count":0,"_bbp_voice_count":0,"_bbp_anonymous_reply_count":0,"_bbp_topic_count_hidden":0,"_bbp_reply_count_hidden":0,"_bbp_forum_subforum_count":0,"footnotes":""},"categories":[128,103,1,29,124],"tags":[],"class_list":["post-7124","post","type-post","status-publish","format-standard","has-post-thumbnail","hentry","category-4rt-eso","category-departaments","category-general","category-portada","category-visual-i-plastica"],"post_mailing_queue_ids":[],"_links":{"self":[{"href":"https:\/\/agora.xtec.cat\/iesacumella\/wp-json\/wp\/v2\/posts\/7124","targetHints":{"allow":["GET"]}}],"collection":[{"href":"https:\/\/agora.xtec.cat\/iesacumella\/wp-json\/wp\/v2\/posts"}],"about":[{"href":"https:\/\/agora.xtec.cat\/iesacumella\/wp-json\/wp\/v2\/types\/post"}],"author":[{"embeddable":true,"href":"https:\/\/agora.xtec.cat\/iesacumella\/wp-json\/wp\/v2\/users\/16"}],"replies":[{"embeddable":true,"href":"https:\/\/agora.xtec.cat\/iesacumella\/wp-json\/wp\/v2\/comments?post=7124"}],"version-history":[{"count":1,"href":"https:\/\/agora.xtec.cat\/iesacumella\/wp-json\/wp\/v2\/posts\/7124\/revisions"}],"predecessor-version":[{"id":7128,"href":"https:\/\/agora.xtec.cat\/iesacumella\/wp-json\/wp\/v2\/posts\/7124\/revisions\/7128"}],"wp:featuredmedia":[{"embeddable":true,"href":"https:\/\/agora.xtec.cat\/iesacumella\/wp-json\/wp\/v2\/media\/7125"}],"wp:attachment":[{"href":"https:\/\/agora.xtec.cat\/iesacumella\/wp-json\/wp\/v2\/media?parent=7124"}],"wp:term":[{"taxonomy":"category","embeddable":true,"href":"https:\/\/agora.xtec.cat\/iesacumella\/wp-json\/wp\/v2\/categories?post=7124"},{"taxonomy":"post_tag","embeddable":true,"href":"https:\/\/agora.xtec.cat\/iesacumella\/wp-json\/wp\/v2\/tags?post=7124"}],"curies":[{"name":"wp","href":"https:\/\/api.w.org\/{rel}","templated":true}]}}