{"id":7112,"date":"2019-12-19T10:30:40","date_gmt":"2019-12-19T09:30:40","guid":{"rendered":"http:\/\/agora.xtec.cat\/iesacumella\/?p=7112"},"modified":"2019-12-19T10:30:40","modified_gmt":"2019-12-19T09:30:40","slug":"intercanvi-epistolar-amb-franca","status":"publish","type":"post","link":"https:\/\/agora.xtec.cat\/iesacumella\/portada\/intercanvi-epistolar-amb-franca\/","title":{"rendered":"INTERCANVI EPISTOLAR AMB FRAN\u00c7A"},"content":{"rendered":"<p dir=\"ltr\"><span style=\"font-family: Calibri,sans-serif;\">Enguany els alumnes de 1er d\u2019ESO de l&#8217;optativa de franc\u00e8s participen en un intercanvi epistolar amb el Coll\u00e8ge Paul \u00c9luard de Monteuil.\u00a0 Es tracta d\u2019un projecte que t\u00e9 per objectiu impulsar el coneixement de la llengua i cultura francesa, fent que els alumnes aprenguin d&#8217;una manera m\u00e9s motivadora i significativa. Per a tal efecte, cadascun dels alumnes ha adre\u00e7at una postal a un altre alumne franc\u00e8s tot presentant-se i incloent-hi un missatge de felicitaci\u00f3 de Nadal. <a href=\"https:\/\/agora.xtec.cat\/iesacumella\/wp-content\/uploads\/usu1642\/2019\/12\/postals-classe.jpg\"><img loading=\"lazy\" decoding=\"async\" class=\"alignnone size-large wp-image-7113\" src=\"https:\/\/agora.xtec.cat\/iesacumella\/wp-content\/uploads\/usu1642\/2019\/12\/postals-classe-1024x768.jpg\" alt=\"\" width=\"1024\" height=\"768\" srcset=\"https:\/\/agora.xtec.cat\/iesacumella\/wp-content\/uploads\/usu1642\/2019\/12\/postals-classe-1024x768.jpg 1024w, https:\/\/agora.xtec.cat\/iesacumella\/wp-content\/uploads\/usu1642\/2019\/12\/postals-classe-300x225.jpg 300w, https:\/\/agora.xtec.cat\/iesacumella\/wp-content\/uploads\/usu1642\/2019\/12\/postals-classe-768x576.jpg 768w, https:\/\/agora.xtec.cat\/iesacumella\/wp-content\/uploads\/usu1642\/2019\/12\/postals-classe-200x150.jpg 200w, https:\/\/agora.xtec.cat\/iesacumella\/wp-content\/uploads\/usu1642\/2019\/12\/postals-classe.jpg 1701w\" sizes=\"auto, (max-width: 1024px) 100vw, 1024px\" \/><\/a> <a href=\"https:\/\/agora.xtec.cat\/iesacumella\/wp-content\/uploads\/usu1642\/2019\/12\/postals-Nadal.jpg\"><img loading=\"lazy\" decoding=\"async\" class=\"alignnone size-large wp-image-7114\" src=\"https:\/\/agora.xtec.cat\/iesacumella\/wp-content\/uploads\/usu1642\/2019\/12\/postals-Nadal-576x1024.jpg\" alt=\"\" width=\"576\" height=\"1024\" srcset=\"https:\/\/agora.xtec.cat\/iesacumella\/wp-content\/uploads\/usu1642\/2019\/12\/postals-Nadal-576x1024.jpg 576w, https:\/\/agora.xtec.cat\/iesacumella\/wp-content\/uploads\/usu1642\/2019\/12\/postals-Nadal-169x300.jpg 169w, https:\/\/agora.xtec.cat\/iesacumella\/wp-content\/uploads\/usu1642\/2019\/12\/postals-Nadal-768x1365.jpg 768w, https:\/\/agora.xtec.cat\/iesacumella\/wp-content\/uploads\/usu1642\/2019\/12\/postals-Nadal.jpg 1134w\" sizes=\"auto, (max-width: 576px) 100vw, 576px\" \/><\/a><\/span><\/p>\n<div class=\"yj6qo\"><\/div>\n<div class=\"adL\"><\/div>\n","protected":false},"excerpt":{"rendered":"<p>Enguany els alumnes de 1er d\u2019ESO de l&#8217;optativa de franc\u00e8s participen en un intercanvi epistolar amb el Coll\u00e8ge Paul \u00c9luard de Monteuil.\u00a0 Es tracta d\u2019un projecte que t\u00e9 per objectiu impulsar el coneixement de la llengua i cultura francesa, fent que els alumnes aprenguin d&#8217;una&hellip;  <a href=\"https:\/\/agora.xtec.cat\/iesacumella\/portada\/intercanvi-epistolar-amb-franca\/\" title=\"Read INTERCANVI EPISTOLAR AMB FRAN\u00c7A\">Llegeix m\u00e9s\u00bb<\/a><\/p>\n","protected":false},"author":16,"featured_media":7114,"comment_status":"closed","ping_status":"closed","sticky":false,"template":"","format":"standard","meta":{"_bbp_topic_count":0,"_bbp_reply_count":0,"_bbp_total_topic_count":0,"_bbp_total_reply_count":0,"_bbp_voice_count":0,"_bbp_anonymous_reply_count":0,"_bbp_topic_count_hidden":0,"_bbp_reply_count_hidden":0,"_bbp_forum_subforum_count":0,"footnotes":""},"categories":[103,113,29],"tags":[],"class_list":["post-7112","post","type-post","status-publish","format-standard","has-post-thumbnail","hentry","category-departaments","category-llengues-estrangeres","category-portada"],"post_mailing_queue_ids":[],"_links":{"self":[{"href":"https:\/\/agora.xtec.cat\/iesacumella\/wp-json\/wp\/v2\/posts\/7112","targetHints":{"allow":["GET"]}}],"collection":[{"href":"https:\/\/agora.xtec.cat\/iesacumella\/wp-json\/wp\/v2\/posts"}],"about":[{"href":"https:\/\/agora.xtec.cat\/iesacumella\/wp-json\/wp\/v2\/types\/post"}],"author":[{"embeddable":true,"href":"https:\/\/agora.xtec.cat\/iesacumella\/wp-json\/wp\/v2\/users\/16"}],"replies":[{"embeddable":true,"href":"https:\/\/agora.xtec.cat\/iesacumella\/wp-json\/wp\/v2\/comments?post=7112"}],"version-history":[{"count":1,"href":"https:\/\/agora.xtec.cat\/iesacumella\/wp-json\/wp\/v2\/posts\/7112\/revisions"}],"predecessor-version":[{"id":7115,"href":"https:\/\/agora.xtec.cat\/iesacumella\/wp-json\/wp\/v2\/posts\/7112\/revisions\/7115"}],"wp:featuredmedia":[{"embeddable":true,"href":"https:\/\/agora.xtec.cat\/iesacumella\/wp-json\/wp\/v2\/media\/7114"}],"wp:attachment":[{"href":"https:\/\/agora.xtec.cat\/iesacumella\/wp-json\/wp\/v2\/media?parent=7112"}],"wp:term":[{"taxonomy":"category","embeddable":true,"href":"https:\/\/agora.xtec.cat\/iesacumella\/wp-json\/wp\/v2\/categories?post=7112"},{"taxonomy":"post_tag","embeddable":true,"href":"https:\/\/agora.xtec.cat\/iesacumella\/wp-json\/wp\/v2\/tags?post=7112"}],"curies":[{"name":"wp","href":"https:\/\/api.w.org\/{rel}","templated":true}]}}