{"id":7033,"date":"2019-10-14T12:04:52","date_gmt":"2019-10-14T10:04:52","guid":{"rendered":"http:\/\/agora.xtec.cat\/iesacumella\/?p=7033"},"modified":"2019-10-14T12:04:52","modified_gmt":"2019-10-14T10:04:52","slug":"torna-el-cataclas-2","status":"publish","type":"post","link":"https:\/\/agora.xtec.cat\/iesacumella\/portada\/estudis\/batxillerat\/torna-el-cataclas-2\/","title":{"rendered":"Torna el Catacl\u00e0s"},"content":{"rendered":"<p><i><span style=\"font-weight: 400;\">Salve amics,\u00a0<\/span><\/i><\/p>\n<p><i><span style=\"font-weight: 400;\">Ja torno a ser aqu\u00ed despr\u00e9s dels meus viatges estiuencs. Estic per respondre el significat de les paraules que em demaneu, siguin perqu\u00e8 no el sabeu, o perqu\u00e8 vulgueu esbrinar-ne alguna cosa m\u00e9s.<\/span><\/i><\/p>\n<p><i><span style=\"font-weight: 400;\">De moment us deixo les paraules que m\u2019agraden a mi.<\/span><\/i><\/p>\n<p><i><span style=\"font-weight: 400;\">Al vostre servei,<\/span><\/i><\/p>\n<p><i><span style=\"font-weight: 400;\">\u00a0\u00a0\u00a0\u00a0\u00a0\u00a0\u00a0\u00a0\u00a0\u00a0\u00a0\u00a0\u00a0\u00a0\u00a0\u00a0\u00a0\u00a0\u00a0\u00a0\u00a0Catacl\u00e0s<\/span><\/i><\/p>\n<p>&nbsp;<\/p>\n<p><span style=\"font-weight: 400;\">Darrera d\u2019aquest personatge, que representa un viatge rom\u00e0 i que trobeu al vest\u00edbul, hi ha els alumnes de cl\u00e0ssiques de di\u00fcrn i de nocturn, que s\u00f3n els encarregats d\u2019explicar-vos l\u2019origen de les paraules proposades.\u00a0<\/span><\/p>\n<p><span style=\"font-weight: 400;\">Per tant, animeu-vos, tots, per donar-los feina.<\/span><\/p>\n<p><i><span style=\"font-weight: 400;\"><a href=\"https:\/\/agora.xtec.cat\/iesacumella\/wp-content\/uploads\/usu1642\/2019\/10\/IMG_20181026_140156_925.jpg\"><img loading=\"lazy\" decoding=\"async\" class=\"alignnone size-large wp-image-7034\" src=\"https:\/\/agora.xtec.cat\/iesacumella\/wp-content\/uploads\/usu1642\/2019\/10\/IMG_20181026_140156_925-794x1024.jpg\" alt=\"\" width=\"794\" height=\"1024\" srcset=\"https:\/\/agora.xtec.cat\/iesacumella\/wp-content\/uploads\/usu1642\/2019\/10\/IMG_20181026_140156_925-794x1024.jpg 794w, https:\/\/agora.xtec.cat\/iesacumella\/wp-content\/uploads\/usu1642\/2019\/10\/IMG_20181026_140156_925-233x300.jpg 233w, https:\/\/agora.xtec.cat\/iesacumella\/wp-content\/uploads\/usu1642\/2019\/10\/IMG_20181026_140156_925-768x990.jpg 768w, https:\/\/agora.xtec.cat\/iesacumella\/wp-content\/uploads\/usu1642\/2019\/10\/IMG_20181026_140156_925.jpg 1488w\" sizes=\"auto, (max-width: 794px) 100vw, 794px\" \/><\/a><\/span><\/i><\/p>\n","protected":false},"excerpt":{"rendered":"<p>Salve amics,\u00a0<br \/>\nJa torno a ser aqu\u00ed despr\u00e9s dels meus viatges estiuencs. Estic per respondre el significat de les paraules que em demaneu, siguin perqu\u00e8 no el sabeu, o perqu\u00e8 vulgueu esbrinar-ne alguna cosa m\u00e9s.<br \/>\nDe moment us deixo les paraules que m\u2019agraden a mi.<br \/>\nAl vostre servei,<br \/>\n\u00a0\u00a0\u00a0\u00a0\u00a0\u00a0\u00a0\u00a0\u00a0\u00a0\u00a0\u00a0\u00a0\u00a0\u00a0\u00a0\u00a0\u00a0\u00a0\u00a0\u00a0Catacl\u00e0s<br \/>\n&nbsp;<br \/>\nDarrera&hellip;  <a href=\"https:\/\/agora.xtec.cat\/iesacumella\/portada\/estudis\/batxillerat\/torna-el-cataclas-2\/\" title=\"Read Torna el Catacl\u00e0s\">Llegeix m\u00e9s\u00bb<\/a><\/p>\n","protected":false},"author":16,"featured_media":7034,"comment_status":"closed","ping_status":"closed","sticky":false,"template":"","format":"standard","meta":{"_bbp_topic_count":0,"_bbp_reply_count":0,"_bbp_total_topic_count":0,"_bbp_total_reply_count":0,"_bbp_voice_count":0,"_bbp_anonymous_reply_count":0,"_bbp_topic_count_hidden":0,"_bbp_reply_count_hidden":0,"_bbp_forum_subforum_count":0,"footnotes":""},"categories":[128,8,145,146,103,112,29],"tags":[],"class_list":["post-7033","post","type-post","status-publish","format-standard","has-post-thumbnail","hentry","category-4rt-eso","category-batxillerat","category-batxillerat-diurn","category-batxillerat-nocturn","category-departaments","category-llengues-classiques","category-portada"],"post_mailing_queue_ids":[],"_links":{"self":[{"href":"https:\/\/agora.xtec.cat\/iesacumella\/wp-json\/wp\/v2\/posts\/7033","targetHints":{"allow":["GET"]}}],"collection":[{"href":"https:\/\/agora.xtec.cat\/iesacumella\/wp-json\/wp\/v2\/posts"}],"about":[{"href":"https:\/\/agora.xtec.cat\/iesacumella\/wp-json\/wp\/v2\/types\/post"}],"author":[{"embeddable":true,"href":"https:\/\/agora.xtec.cat\/iesacumella\/wp-json\/wp\/v2\/users\/16"}],"replies":[{"embeddable":true,"href":"https:\/\/agora.xtec.cat\/iesacumella\/wp-json\/wp\/v2\/comments?post=7033"}],"version-history":[{"count":1,"href":"https:\/\/agora.xtec.cat\/iesacumella\/wp-json\/wp\/v2\/posts\/7033\/revisions"}],"predecessor-version":[{"id":7035,"href":"https:\/\/agora.xtec.cat\/iesacumella\/wp-json\/wp\/v2\/posts\/7033\/revisions\/7035"}],"wp:featuredmedia":[{"embeddable":true,"href":"https:\/\/agora.xtec.cat\/iesacumella\/wp-json\/wp\/v2\/media\/7034"}],"wp:attachment":[{"href":"https:\/\/agora.xtec.cat\/iesacumella\/wp-json\/wp\/v2\/media?parent=7033"}],"wp:term":[{"taxonomy":"category","embeddable":true,"href":"https:\/\/agora.xtec.cat\/iesacumella\/wp-json\/wp\/v2\/categories?post=7033"},{"taxonomy":"post_tag","embeddable":true,"href":"https:\/\/agora.xtec.cat\/iesacumella\/wp-json\/wp\/v2\/tags?post=7033"}],"curies":[{"name":"wp","href":"https:\/\/api.w.org\/{rel}","templated":true}]}}