{"id":7031,"date":"2019-10-11T09:54:14","date_gmt":"2019-10-11T07:54:14","guid":{"rendered":"http:\/\/agora.xtec.cat\/iesacumella\/?p=7031"},"modified":"2019-10-11T09:55:00","modified_gmt":"2019-10-11T07:55:00","slug":"erasmus-2","status":"publish","type":"post","link":"https:\/\/agora.xtec.cat\/iesacumella\/portada\/general\/erasmus-2\/","title":{"rendered":"Erasmus+"},"content":{"rendered":"<p>Enguany l\u2019INS Antoni Cumella ha tornat a obtenir la beca europea Erasmus+ que permetr\u00e0 a l\u2019alumnat de 3r d\u2019ESO treballar durant dos anys en el projecte anomenat \u201cGamification in Interdisciplinary Learning\u201d que fomenta l\u2019aprenentatge a trav\u00e9s del joc mitjan\u00e7ant l\u2019\u00fas de la llengua anglesa. Pels adolescents, aquesta \u00e9s una gran oportunitat per posar en pr\u00e0ctica la llengua estrangera de manera vivencial i tamb\u00e9 per a con\u00e8ixer altres cultures.<\/p>\n<p>En el projecte Erasmus+ hi participen juntament amb l\u2019INS Antoni Cumella cinc pa\u00efsos m\u00e9s de la Uni\u00f3 Europea: B\u00e8lgica, Hongria, It\u00e0lia, Portugal i Rep\u00fablica Txeca. Aquest mes d\u2019octubre ja ha tingut lloc la primera trobada de professors a Bornem (B\u00e8lgica) i al novembre ens visitar\u00e0 el conjunt d\u2019alumnes, que s\u2019allotjaran a casa de les nostres fam\u00edlies, i docents dels equips participants.<\/p>\n<p>L\u2019equip de l\u2019INS Antoni Cumella estem treballant intensament durant aquests dies que es celebren els Erasmus Days a nivell europeu per donar a con\u00e8ixer el projecte i l\u2019experi\u00e8ncia d\u2019intercanvi Erasmus tant als nostres alumnes com a la comunitat educativa.<\/p>\n<p><a href=\"https:\/\/agora.xtec.cat\/iesacumella\/wp-content\/uploads\/usu1642\/2019\/10\/web_banner_300X600px.jpg\"><img loading=\"lazy\" decoding=\"async\" class=\"alignnone size-full wp-image-7027\" src=\"https:\/\/agora.xtec.cat\/iesacumella\/wp-content\/uploads\/usu1642\/2019\/10\/web_banner_300X600px.jpg\" alt=\"\" width=\"300\" height=\"600\" srcset=\"https:\/\/agora.xtec.cat\/iesacumella\/wp-content\/uploads\/usu1642\/2019\/10\/web_banner_300X600px.jpg 300w, https:\/\/agora.xtec.cat\/iesacumella\/wp-content\/uploads\/usu1642\/2019\/10\/web_banner_300X600px-150x300.jpg 150w\" sizes=\"auto, (max-width: 300px) 100vw, 300px\" \/><\/a><\/p>\n","protected":false},"excerpt":{"rendered":"<p>Enguany l\u2019INS Antoni Cumella ha tornat a obtenir la beca europea Erasmus+ que permetr\u00e0 a l\u2019alumnat de 3r d\u2019ESO treballar durant dos anys en el projecte anomenat \u201cGamification in Interdisciplinary Learning\u201d que fomenta l\u2019aprenentatge a trav\u00e9s del joc mitjan\u00e7ant l\u2019\u00fas de la llengua anglesa. Pels&hellip;  <a href=\"https:\/\/agora.xtec.cat\/iesacumella\/portada\/general\/erasmus-2\/\" title=\"Read Erasmus+\">Llegeix m\u00e9s\u00bb<\/a><\/p>\n","protected":false},"author":16,"featured_media":7025,"comment_status":"closed","ping_status":"closed","sticky":false,"template":"","format":"standard","meta":{"_bbp_topic_count":0,"_bbp_reply_count":0,"_bbp_total_topic_count":0,"_bbp_total_reply_count":0,"_bbp_voice_count":0,"_bbp_anonymous_reply_count":0,"_bbp_topic_count_hidden":0,"_bbp_reply_count_hidden":0,"_bbp_forum_subforum_count":0,"footnotes":""},"categories":[127,128,3,1,132,29,117],"tags":[],"class_list":["post-7031","post","type-post","status-publish","format-standard","has-post-thumbnail","hentry","category-3r-eso","category-4rt-eso","category-eso","category-general","category-gep","category-portada","category-projectes"],"post_mailing_queue_ids":[],"_links":{"self":[{"href":"https:\/\/agora.xtec.cat\/iesacumella\/wp-json\/wp\/v2\/posts\/7031","targetHints":{"allow":["GET"]}}],"collection":[{"href":"https:\/\/agora.xtec.cat\/iesacumella\/wp-json\/wp\/v2\/posts"}],"about":[{"href":"https:\/\/agora.xtec.cat\/iesacumella\/wp-json\/wp\/v2\/types\/post"}],"author":[{"embeddable":true,"href":"https:\/\/agora.xtec.cat\/iesacumella\/wp-json\/wp\/v2\/users\/16"}],"replies":[{"embeddable":true,"href":"https:\/\/agora.xtec.cat\/iesacumella\/wp-json\/wp\/v2\/comments?post=7031"}],"version-history":[{"count":1,"href":"https:\/\/agora.xtec.cat\/iesacumella\/wp-json\/wp\/v2\/posts\/7031\/revisions"}],"predecessor-version":[{"id":7032,"href":"https:\/\/agora.xtec.cat\/iesacumella\/wp-json\/wp\/v2\/posts\/7031\/revisions\/7032"}],"wp:featuredmedia":[{"embeddable":true,"href":"https:\/\/agora.xtec.cat\/iesacumella\/wp-json\/wp\/v2\/media\/7025"}],"wp:attachment":[{"href":"https:\/\/agora.xtec.cat\/iesacumella\/wp-json\/wp\/v2\/media?parent=7031"}],"wp:term":[{"taxonomy":"category","embeddable":true,"href":"https:\/\/agora.xtec.cat\/iesacumella\/wp-json\/wp\/v2\/categories?post=7031"},{"taxonomy":"post_tag","embeddable":true,"href":"https:\/\/agora.xtec.cat\/iesacumella\/wp-json\/wp\/v2\/tags?post=7031"}],"curies":[{"name":"wp","href":"https:\/\/api.w.org\/{rel}","templated":true}]}}