{"id":7019,"date":"2019-10-09T10:40:05","date_gmt":"2019-10-09T08:40:05","guid":{"rendered":"http:\/\/agora.xtec.cat\/iesacumella\/?p=7019"},"modified":"2019-10-09T10:40:05","modified_gmt":"2019-10-09T08:40:05","slug":"estades-dimmersio-linguistica","status":"publish","type":"post","link":"https:\/\/agora.xtec.cat\/iesacumella\/portada\/estudis\/eso\/estades-dimmersio-linguistica\/","title":{"rendered":"Estades d&#8217;immersi\u00f3 ling\u00fc\u00edstica"},"content":{"rendered":"<p>Us informem que el nostre centre, i en concret el\u00a0 nivell de 2n d&#8217;ESO, ha estat seleccionat per participar en unes estades escolars d\u2019immersi\u00f3 ling\u00fc\u00edstica en llengua anglesa als albergs de la XANASCAT ( Xarxa Jove d\u2019Albergs de Catalunya). Aquestes estades <span class=\"il\">es<\/span>\u00a0troben en el marc de les accions per la desenvolupament del pluriling\u00fcisme de l\u2019alumnat i la millora del coneixement de la llengua anglesa i estan finan\u00e7ades pel Ministeri d\u2019Educaci\u00f3, Cultura i Esport, a trav\u00e9s del Programa de Cooperaci\u00f3 Territorial per a l\u2019aprenentatge de lleng\u00fc<span class=\"il\">es<\/span>\u00a0estrangeres.<\/p>\n<p>L\u2019objectiu principal de les estades \u00e9s que els nens i nenes aprenguin angl\u00e8s treballant i jugant, a trav\u00e9s d\u2019una immersi\u00f3 ling\u00fc\u00edstica. De la mateixa manera,\u00a0<span class=\"il\">es<\/span>\u00a0fomenta la pr\u00e0ctica de valors, com ara el respecte als companys i a la diversitat, la sostenibilitat del medi ambient, la integraci\u00f3 i el coneixement del territori, i el sentit de la responsabilitat que implica la pertinen\u00e7a a un grup. Tot, en un marc de conviv\u00e8ncia.<\/p>\n<p>Les estades propicien una oportunitat per a promoure la formaci\u00f3 integral de l\u2019alumne, l\u2019autoestima del nen\/a i els h\u00e0bits saludables (com ara la higiene personal, l\u2019alimentaci\u00f3 o el respecte al propi cos).<\/p>\n<p>S\u2019escull un \u00e0mbit d\u2019inter\u00e8s amb qu\u00e8 estaran relacionades les activitats que\u00a0<span class=\"il\">es<\/span>\u00a0realitzaran.\u00a0<span class=\"il\">Es<\/span>\u00a0concreta en unes col\u00f2nies tem\u00e0tiques que pretenen fomenta el treball en petit grup per treballar per projectes. Tot el que\u00a0<span class=\"il\">es<\/span>\u00a0treballi en els projectes\u00a0<span class=\"il\">es<\/span>\u00a0recopilar\u00e0 d\u2019alguna manera -digital o f\u00edsica\u2013 que servir\u00e0 a alumnes i pares per tenir consci\u00e8ncia del que han treballat.<\/p>\n<p>Les activitats s\u00f3n variades: des de jocs m\u00e9s moguts d\u2019activitat f\u00edsica a activitats intel\u00b7lectuals com ara gimcanes o resoldre misteris. Tamb\u00e9,\u00a0<span class=\"il\">es<\/span>\u00a0faran manualitats que\u00a0<span class=\"il\">es<\/span>\u00a0podran emportar a casa.<\/p>\n<p>L\u2019estada tindr\u00e0 una durada de 3 dies \/ 2 nits en dies lectius i els alumnes estaran acompanyats en tot moment per professors del centre i monitors de XANASCAT.<\/p>\n<p><a href=\"https:\/\/agora.xtec.cat\/iesacumella\/wp-content\/uploads\/usu1642\/2019\/10\/Inmersi\u00f3-ling\u00fc\u00edsitca-petit-1.jpg\"><img loading=\"lazy\" decoding=\"async\" class=\"alignnone  wp-image-7020\" src=\"https:\/\/agora.xtec.cat\/iesacumella\/wp-content\/uploads\/usu1642\/2019\/10\/Inmersi\u00f3-ling\u00fc\u00edsitca-petit-1.jpg\" alt=\"\" width=\"496\" height=\"294\" srcset=\"https:\/\/agora.xtec.cat\/iesacumella\/wp-content\/uploads\/usu1642\/2019\/10\/Inmersi\u00f3-ling\u00fc\u00edsitca-petit-1.jpg 400w, https:\/\/agora.xtec.cat\/iesacumella\/wp-content\/uploads\/usu1642\/2019\/10\/Inmersi\u00f3-ling\u00fc\u00edsitca-petit-1-300x178.jpg 300w\" sizes=\"auto, (max-width: 496px) 100vw, 496px\" \/><\/a><\/p>\n","protected":false},"excerpt":{"rendered":"<p>Us informem que el nostre centre, i en concret el\u00a0 nivell de 2n d&#8217;ESO, ha estat seleccionat per participar en unes estades escolars d\u2019immersi\u00f3 ling\u00fc\u00edstica en llengua anglesa als albergs de la XANASCAT ( Xarxa Jove d\u2019Albergs de Catalunya). Aquestes estades es\u00a0troben en el marc&hellip;  <a href=\"https:\/\/agora.xtec.cat\/iesacumella\/portada\/estudis\/eso\/estades-dimmersio-linguistica\/\" title=\"Read Estades d&#8217;immersi\u00f3 ling\u00fc\u00edstica\">Llegeix m\u00e9s\u00bb<\/a><\/p>\n","protected":false},"author":16,"featured_media":7021,"comment_status":"closed","ping_status":"closed","sticky":false,"template":"","format":"standard","meta":{"_bbp_topic_count":0,"_bbp_reply_count":0,"_bbp_total_topic_count":0,"_bbp_total_reply_count":0,"_bbp_voice_count":0,"_bbp_anonymous_reply_count":0,"_bbp_topic_count_hidden":0,"_bbp_reply_count_hidden":0,"_bbp_forum_subforum_count":0,"footnotes":""},"categories":[126,3,29],"tags":[],"class_list":["post-7019","post","type-post","status-publish","format-standard","has-post-thumbnail","hentry","category-2n-eso","category-eso","category-portada"],"post_mailing_queue_ids":[],"_links":{"self":[{"href":"https:\/\/agora.xtec.cat\/iesacumella\/wp-json\/wp\/v2\/posts\/7019","targetHints":{"allow":["GET"]}}],"collection":[{"href":"https:\/\/agora.xtec.cat\/iesacumella\/wp-json\/wp\/v2\/posts"}],"about":[{"href":"https:\/\/agora.xtec.cat\/iesacumella\/wp-json\/wp\/v2\/types\/post"}],"author":[{"embeddable":true,"href":"https:\/\/agora.xtec.cat\/iesacumella\/wp-json\/wp\/v2\/users\/16"}],"replies":[{"embeddable":true,"href":"https:\/\/agora.xtec.cat\/iesacumella\/wp-json\/wp\/v2\/comments?post=7019"}],"version-history":[{"count":1,"href":"https:\/\/agora.xtec.cat\/iesacumella\/wp-json\/wp\/v2\/posts\/7019\/revisions"}],"predecessor-version":[{"id":7022,"href":"https:\/\/agora.xtec.cat\/iesacumella\/wp-json\/wp\/v2\/posts\/7019\/revisions\/7022"}],"wp:featuredmedia":[{"embeddable":true,"href":"https:\/\/agora.xtec.cat\/iesacumella\/wp-json\/wp\/v2\/media\/7021"}],"wp:attachment":[{"href":"https:\/\/agora.xtec.cat\/iesacumella\/wp-json\/wp\/v2\/media?parent=7019"}],"wp:term":[{"taxonomy":"category","embeddable":true,"href":"https:\/\/agora.xtec.cat\/iesacumella\/wp-json\/wp\/v2\/categories?post=7019"},{"taxonomy":"post_tag","embeddable":true,"href":"https:\/\/agora.xtec.cat\/iesacumella\/wp-json\/wp\/v2\/tags?post=7019"}],"curies":[{"name":"wp","href":"https:\/\/api.w.org\/{rel}","templated":true}]}}