{"id":6972,"date":"2019-09-10T12:42:23","date_gmt":"2019-09-10T10:42:23","guid":{"rendered":"http:\/\/agora.xtec.cat\/iesacumella\/?p=6972"},"modified":"2019-09-10T12:42:23","modified_gmt":"2019-09-10T10:42:23","slug":"intercanvi-catalunya-quebec","status":"publish","type":"post","link":"https:\/\/agora.xtec.cat\/iesacumella\/portada\/estudis\/eso\/intercanvi-catalunya-quebec\/","title":{"rendered":"INTERCANVI CATALUNYA-QUEBEC"},"content":{"rendered":"<p>Enguany el nostre institut participa de nou al programa de mobilitat Catalunya-Quebec, impulsat pel Departament d\u2019Educaci\u00f3 en col\u00b7laboraci\u00f3 amb l\u2019entitat educativa quebequesa \u00c9ducation Internationale.<\/p>\n<p>En el marc d\u2019aquest acord de col\u00b7laboraci\u00f3, les alumnes quebequeses Sophie i Camille faran una estada de tres mesos al nostre Centre per tal de millorar el seu castell\u00e0, iniciar-se en el catal\u00e0 i con\u00e8ixer les nostres tradicions. Posteriorment, dues alumnes de 4t d\u2019ESO, l\u2019Aina i la Laia, cursaran el segon trimestre al Quebec. Cada alumna s\u2019allotjar\u00e0 a casa de la seva corresponent parella d\u2019intercanvi, fent que l\u2019experi\u00e8ncia sigui molt m\u00e9s enriquidora.<\/p>\n<p>Des de l\u2019Institut Antoni Cumella valorem molt positivament aquesta gran oportunitat ja que l\u2019immersi\u00f3 total els permetr\u00e0 aprofundir en el coneixement de la llengua i la cultura franc\u00f2fones, afavorir\u00e0 la seva autonomia, fomentar\u00e0 actituds de respecte i reconeixement de la diversitat i els apropar\u00e0 a un sistema educatiu nou.<\/p>\n<p><a href=\"https:\/\/agora.xtec.cat\/iesacumella\/wp-content\/uploads\/usu1642\/2019\/09\/arribada-grup2.jpg\"><img loading=\"lazy\" decoding=\"async\" class=\"alignnone size-large wp-image-6973\" src=\"https:\/\/agora.xtec.cat\/iesacumella\/wp-content\/uploads\/usu1642\/2019\/09\/arribada-grup2-1024x423.jpg\" alt=\"\" width=\"1024\" height=\"423\" srcset=\"https:\/\/agora.xtec.cat\/iesacumella\/wp-content\/uploads\/usu1642\/2019\/09\/arribada-grup2-1024x423.jpg 1024w, https:\/\/agora.xtec.cat\/iesacumella\/wp-content\/uploads\/usu1642\/2019\/09\/arribada-grup2-300x124.jpg 300w, https:\/\/agora.xtec.cat\/iesacumella\/wp-content\/uploads\/usu1642\/2019\/09\/arribada-grup2-768x318.jpg 768w\" sizes=\"auto, (max-width: 1024px) 100vw, 1024px\" \/><\/a> <a href=\"https:\/\/agora.xtec.cat\/iesacumella\/wp-content\/uploads\/usu1642\/2019\/09\/Arribada-x4.jpg\"><img loading=\"lazy\" decoding=\"async\" class=\"alignnone size-large wp-image-6974\" src=\"https:\/\/agora.xtec.cat\/iesacumella\/wp-content\/uploads\/usu1642\/2019\/09\/Arribada-x4-1024x576.jpg\" alt=\"\" width=\"1024\" height=\"576\" srcset=\"https:\/\/agora.xtec.cat\/iesacumella\/wp-content\/uploads\/usu1642\/2019\/09\/Arribada-x4-1024x576.jpg 1024w, https:\/\/agora.xtec.cat\/iesacumella\/wp-content\/uploads\/usu1642\/2019\/09\/Arribada-x4-300x169.jpg 300w, https:\/\/agora.xtec.cat\/iesacumella\/wp-content\/uploads\/usu1642\/2019\/09\/Arribada-x4-768x432.jpg 768w, https:\/\/agora.xtec.cat\/iesacumella\/wp-content\/uploads\/usu1642\/2019\/09\/Arribada-x4.jpg 1701w\" sizes=\"auto, (max-width: 1024px) 100vw, 1024px\" \/><\/a><\/p>\n<p>&nbsp;<\/p>\n","protected":false},"excerpt":{"rendered":"<p>Enguany el nostre institut participa de nou al programa de mobilitat Catalunya-Quebec, impulsat pel Departament d\u2019Educaci\u00f3 en col\u00b7laboraci\u00f3 amb l\u2019entitat educativa quebequesa \u00c9ducation Internationale.<br \/>\nEn el marc d\u2019aquest acord de col\u00b7laboraci\u00f3, les alumnes quebequeses Sophie i Camille faran una estada de tres mesos al nostre Centre&hellip;  <a href=\"https:\/\/agora.xtec.cat\/iesacumella\/portada\/estudis\/eso\/intercanvi-catalunya-quebec\/\" title=\"Read INTERCANVI CATALUNYA-QUEBEC\">Llegeix m\u00e9s\u00bb<\/a><\/p>\n","protected":false},"author":16,"featured_media":6974,"comment_status":"closed","ping_status":"closed","sticky":false,"template":"","format":"standard","meta":{"_bbp_topic_count":0,"_bbp_reply_count":0,"_bbp_total_topic_count":0,"_bbp_total_reply_count":0,"_bbp_voice_count":0,"_bbp_anonymous_reply_count":0,"_bbp_topic_count_hidden":0,"_bbp_reply_count_hidden":0,"_bbp_forum_subforum_count":0,"footnotes":""},"categories":[128,103,3,113,29],"tags":[],"class_list":["post-6972","post","type-post","status-publish","format-standard","has-post-thumbnail","hentry","category-4rt-eso","category-departaments","category-eso","category-llengues-estrangeres","category-portada"],"post_mailing_queue_ids":[],"_links":{"self":[{"href":"https:\/\/agora.xtec.cat\/iesacumella\/wp-json\/wp\/v2\/posts\/6972","targetHints":{"allow":["GET"]}}],"collection":[{"href":"https:\/\/agora.xtec.cat\/iesacumella\/wp-json\/wp\/v2\/posts"}],"about":[{"href":"https:\/\/agora.xtec.cat\/iesacumella\/wp-json\/wp\/v2\/types\/post"}],"author":[{"embeddable":true,"href":"https:\/\/agora.xtec.cat\/iesacumella\/wp-json\/wp\/v2\/users\/16"}],"replies":[{"embeddable":true,"href":"https:\/\/agora.xtec.cat\/iesacumella\/wp-json\/wp\/v2\/comments?post=6972"}],"version-history":[{"count":1,"href":"https:\/\/agora.xtec.cat\/iesacumella\/wp-json\/wp\/v2\/posts\/6972\/revisions"}],"predecessor-version":[{"id":6975,"href":"https:\/\/agora.xtec.cat\/iesacumella\/wp-json\/wp\/v2\/posts\/6972\/revisions\/6975"}],"wp:featuredmedia":[{"embeddable":true,"href":"https:\/\/agora.xtec.cat\/iesacumella\/wp-json\/wp\/v2\/media\/6974"}],"wp:attachment":[{"href":"https:\/\/agora.xtec.cat\/iesacumella\/wp-json\/wp\/v2\/media?parent=6972"}],"wp:term":[{"taxonomy":"category","embeddable":true,"href":"https:\/\/agora.xtec.cat\/iesacumella\/wp-json\/wp\/v2\/categories?post=6972"},{"taxonomy":"post_tag","embeddable":true,"href":"https:\/\/agora.xtec.cat\/iesacumella\/wp-json\/wp\/v2\/tags?post=6972"}],"curies":[{"name":"wp","href":"https:\/\/api.w.org\/{rel}","templated":true}]}}