{"id":6944,"date":"2019-06-28T14:15:38","date_gmt":"2019-06-28T12:15:38","guid":{"rendered":"http:\/\/agora.xtec.cat\/iesacumella\/?p=6944"},"modified":"2019-06-28T14:15:38","modified_gmt":"2019-06-28T12:15:38","slug":"sortida-optativa-4t","status":"publish","type":"post","link":"https:\/\/agora.xtec.cat\/iesacumella\/portada\/estudis\/eso\/sortida-optativa-4t\/","title":{"rendered":"Sortida optativa 4t"},"content":{"rendered":"<p>Granollers \u00e9s una ciutat amb molta hist\u00f2ria i el passat dimarts els alumnes de l\u2019optativa d\u2019hist\u00f2ria de l\u2019art de 4t van fer un itinerari per con\u00e8ixer els llocs m\u00e9s emblem\u00e0tics i obres art\u00edstiques m\u00e9s destacades estudiades al llarg del curs. El recorregut va ser molt productiu van poder con\u00e8ixer l\u2019interior de la Sala Tarafa i la Sala de govern de l\u2019ajuntament de Granollers, van visitar la Fonda Europa i el Casino, a m\u00e9s de l\u2019esgl\u00e9sia de Sant Esteve on van parlar amb una feligresa que els va explicar \u00a0un parell d\u2019an\u00e8cdotes d\u2019un bisbe granoller\u00ed. Quant a escultures, el Patufet, el Transformador del temps o Partitures p\u00e8trees van ser les obres que van contemplar en primera persona.<\/p>\n<p><a href=\"https:\/\/agora.xtec.cat\/iesacumella\/wp-content\/uploads\/usu1642\/2019\/06\/IMG_0384.jpg\"><img loading=\"lazy\" decoding=\"async\" class=\"alignnone size-large wp-image-6946\" src=\"https:\/\/agora.xtec.cat\/iesacumella\/wp-content\/uploads\/usu1642\/2019\/06\/IMG_0384-1024x768.jpg\" alt=\"\" width=\"1024\" height=\"768\" srcset=\"https:\/\/agora.xtec.cat\/iesacumella\/wp-content\/uploads\/usu1642\/2019\/06\/IMG_0384-1024x768.jpg 1024w, https:\/\/agora.xtec.cat\/iesacumella\/wp-content\/uploads\/usu1642\/2019\/06\/IMG_0384-300x225.jpg 300w, https:\/\/agora.xtec.cat\/iesacumella\/wp-content\/uploads\/usu1642\/2019\/06\/IMG_0384-768x576.jpg 768w, https:\/\/agora.xtec.cat\/iesacumella\/wp-content\/uploads\/usu1642\/2019\/06\/IMG_0384-200x150.jpg 200w, https:\/\/agora.xtec.cat\/iesacumella\/wp-content\/uploads\/usu1642\/2019\/06\/IMG_0384.jpg 1701w\" sizes=\"auto, (max-width: 1024px) 100vw, 1024px\" \/><\/a> <a href=\"https:\/\/agora.xtec.cat\/iesacumella\/wp-content\/uploads\/usu1642\/2019\/06\/IMG_0383.jpg\"><img loading=\"lazy\" decoding=\"async\" class=\"alignnone size-large wp-image-6945\" src=\"https:\/\/agora.xtec.cat\/iesacumella\/wp-content\/uploads\/usu1642\/2019\/06\/IMG_0383-1024x768.jpg\" alt=\"\" width=\"1024\" height=\"768\" srcset=\"https:\/\/agora.xtec.cat\/iesacumella\/wp-content\/uploads\/usu1642\/2019\/06\/IMG_0383-1024x768.jpg 1024w, https:\/\/agora.xtec.cat\/iesacumella\/wp-content\/uploads\/usu1642\/2019\/06\/IMG_0383-300x225.jpg 300w, https:\/\/agora.xtec.cat\/iesacumella\/wp-content\/uploads\/usu1642\/2019\/06\/IMG_0383-768x576.jpg 768w, https:\/\/agora.xtec.cat\/iesacumella\/wp-content\/uploads\/usu1642\/2019\/06\/IMG_0383-200x150.jpg 200w, https:\/\/agora.xtec.cat\/iesacumella\/wp-content\/uploads\/usu1642\/2019\/06\/IMG_0383.jpg 1701w\" sizes=\"auto, (max-width: 1024px) 100vw, 1024px\" \/><\/a><\/p>\n","protected":false},"excerpt":{"rendered":"<p>Granollers \u00e9s una ciutat amb molta hist\u00f2ria i el passat dimarts els alumnes de l\u2019optativa d\u2019hist\u00f2ria de l\u2019art de 4t van fer un itinerari per con\u00e8ixer els llocs m\u00e9s emblem\u00e0tics i obres art\u00edstiques m\u00e9s destacades estudiades al llarg del curs. El recorregut va ser molt&hellip;  <a href=\"https:\/\/agora.xtec.cat\/iesacumella\/portada\/estudis\/eso\/sortida-optativa-4t\/\" title=\"Read Sortida optativa 4t\">Llegeix m\u00e9s\u00bb<\/a><\/p>\n","protected":false},"author":16,"featured_media":6945,"comment_status":"closed","ping_status":"closed","sticky":false,"template":"","format":"standard","meta":{"_bbp_topic_count":0,"_bbp_reply_count":0,"_bbp_total_topic_count":0,"_bbp_total_reply_count":0,"_bbp_voice_count":0,"_bbp_anonymous_reply_count":0,"_bbp_topic_count_hidden":0,"_bbp_reply_count_hidden":0,"_bbp_forum_subforum_count":0,"footnotes":""},"categories":[128,131,103,3,29],"tags":[],"class_list":["post-6944","post","type-post","status-publish","format-standard","has-post-thumbnail","hentry","category-4rt-eso","category-ciencies-socials","category-departaments","category-eso","category-portada"],"post_mailing_queue_ids":[],"_links":{"self":[{"href":"https:\/\/agora.xtec.cat\/iesacumella\/wp-json\/wp\/v2\/posts\/6944","targetHints":{"allow":["GET"]}}],"collection":[{"href":"https:\/\/agora.xtec.cat\/iesacumella\/wp-json\/wp\/v2\/posts"}],"about":[{"href":"https:\/\/agora.xtec.cat\/iesacumella\/wp-json\/wp\/v2\/types\/post"}],"author":[{"embeddable":true,"href":"https:\/\/agora.xtec.cat\/iesacumella\/wp-json\/wp\/v2\/users\/16"}],"replies":[{"embeddable":true,"href":"https:\/\/agora.xtec.cat\/iesacumella\/wp-json\/wp\/v2\/comments?post=6944"}],"version-history":[{"count":1,"href":"https:\/\/agora.xtec.cat\/iesacumella\/wp-json\/wp\/v2\/posts\/6944\/revisions"}],"predecessor-version":[{"id":6947,"href":"https:\/\/agora.xtec.cat\/iesacumella\/wp-json\/wp\/v2\/posts\/6944\/revisions\/6947"}],"wp:featuredmedia":[{"embeddable":true,"href":"https:\/\/agora.xtec.cat\/iesacumella\/wp-json\/wp\/v2\/media\/6945"}],"wp:attachment":[{"href":"https:\/\/agora.xtec.cat\/iesacumella\/wp-json\/wp\/v2\/media?parent=6944"}],"wp:term":[{"taxonomy":"category","embeddable":true,"href":"https:\/\/agora.xtec.cat\/iesacumella\/wp-json\/wp\/v2\/categories?post=6944"},{"taxonomy":"post_tag","embeddable":true,"href":"https:\/\/agora.xtec.cat\/iesacumella\/wp-json\/wp\/v2\/tags?post=6944"}],"curies":[{"name":"wp","href":"https:\/\/api.w.org\/{rel}","templated":true}]}}