{"id":6920,"date":"2019-06-19T14:14:55","date_gmt":"2019-06-19T12:14:55","guid":{"rendered":"http:\/\/agora.xtec.cat\/iesacumella\/?p=6920"},"modified":"2019-06-19T14:14:55","modified_gmt":"2019-06-19T12:14:55","slug":"sons-intonation-et-chansons","status":"publish","type":"post","link":"https:\/\/agora.xtec.cat\/iesacumella\/portada\/estudis\/eso\/sons-intonation-et-chansons\/","title":{"rendered":"SONS, INTONATION ET CHANSONS!"},"content":{"rendered":"<div class=\"gs\">\n<div class=\"\">\n<div id=\":lv\" class=\"ii gt\">\n<div id=\":lu\" class=\"a3s aXjCH \">\n<div dir=\"ltr\">\n<div><span id=\"m_-8896736816836498674gmail-docs-internal-guid-a71472a8-7fff-8fb6-7f9d-5f147b8e741a\">El passat 24 de maig, alumnes de la mat\u00e8ria optativa de franc\u00e8s, van tenir l\u2019ocasi\u00f3 de participar en un taller de fon\u00e8tica organitzat pels Serveis Territorials del Maresme-Vall\u00e8s Oriental. Aquest \u00faltim va comptar amb diferents din\u00e0miques grupals que tenien per objectiu el treball dels sons, el ritme i l\u2019entonaci\u00f3 a trav\u00e9s de la m\u00fasica i l\u2019expressi\u00f3 corporal. Aix\u00ed doncs, gr\u00e0cies a la intervenci\u00f3 de la fil\u00f2loga musical C\u00e9cilia Debergh, els alumnes van poder treballar les caracter\u00edstiques sonores de la llengua francesa d\u2019una manera molt m\u00e9s l\u00fadica i motivadora. <\/span>Esperem poder tornar-ho a repetir ben aviat!<\/div>\n<\/div>\n<\/div>\n<\/div>\n<div class=\"hi\"><a href=\"https:\/\/agora.xtec.cat\/iesacumella\/wp-content\/uploads\/usu1642\/2019\/06\/foto-taller-fonetica-1.jpg\"><img loading=\"lazy\" decoding=\"async\" class=\"alignnone size-large wp-image-6921\" src=\"https:\/\/agora.xtec.cat\/iesacumella\/wp-content\/uploads\/usu1642\/2019\/06\/foto-taller-fonetica-1-1024x576.jpg\" alt=\"\" width=\"1024\" height=\"576\" srcset=\"https:\/\/agora.xtec.cat\/iesacumella\/wp-content\/uploads\/usu1642\/2019\/06\/foto-taller-fonetica-1-1024x576.jpg 1024w, https:\/\/agora.xtec.cat\/iesacumella\/wp-content\/uploads\/usu1642\/2019\/06\/foto-taller-fonetica-1-300x169.jpg 300w, https:\/\/agora.xtec.cat\/iesacumella\/wp-content\/uploads\/usu1642\/2019\/06\/foto-taller-fonetica-1-768x432.jpg 768w, https:\/\/agora.xtec.cat\/iesacumella\/wp-content\/uploads\/usu1642\/2019\/06\/foto-taller-fonetica-1.jpg 1600w\" sizes=\"auto, (max-width: 1024px) 100vw, 1024px\" \/><\/a><\/div>\n<\/div>\n<\/div>\n","protected":false},"excerpt":{"rendered":"<p>El passat 24 de maig, alumnes de la mat\u00e8ria optativa de franc\u00e8s, van tenir l\u2019ocasi\u00f3 de participar en un taller de fon\u00e8tica organitzat pels Serveis Territorials del Maresme-Vall\u00e8s Oriental. Aquest \u00faltim va comptar amb diferents din\u00e0miques grupals que tenien per objectiu el treball dels sons,&hellip;  <a href=\"https:\/\/agora.xtec.cat\/iesacumella\/portada\/estudis\/eso\/sons-intonation-et-chansons\/\" title=\"Read SONS, INTONATION ET CHANSONS!\">Llegeix m\u00e9s\u00bb<\/a><\/p>\n","protected":false},"author":16,"featured_media":6921,"comment_status":"closed","ping_status":"closed","sticky":false,"template":"","format":"standard","meta":{"_bbp_topic_count":0,"_bbp_reply_count":0,"_bbp_total_topic_count":0,"_bbp_total_reply_count":0,"_bbp_voice_count":0,"_bbp_anonymous_reply_count":0,"_bbp_topic_count_hidden":0,"_bbp_reply_count_hidden":0,"_bbp_forum_subforum_count":0,"footnotes":""},"categories":[103,3,113],"tags":[],"class_list":["post-6920","post","type-post","status-publish","format-standard","has-post-thumbnail","hentry","category-departaments","category-eso","category-llengues-estrangeres"],"post_mailing_queue_ids":[],"_links":{"self":[{"href":"https:\/\/agora.xtec.cat\/iesacumella\/wp-json\/wp\/v2\/posts\/6920","targetHints":{"allow":["GET"]}}],"collection":[{"href":"https:\/\/agora.xtec.cat\/iesacumella\/wp-json\/wp\/v2\/posts"}],"about":[{"href":"https:\/\/agora.xtec.cat\/iesacumella\/wp-json\/wp\/v2\/types\/post"}],"author":[{"embeddable":true,"href":"https:\/\/agora.xtec.cat\/iesacumella\/wp-json\/wp\/v2\/users\/16"}],"replies":[{"embeddable":true,"href":"https:\/\/agora.xtec.cat\/iesacumella\/wp-json\/wp\/v2\/comments?post=6920"}],"version-history":[{"count":1,"href":"https:\/\/agora.xtec.cat\/iesacumella\/wp-json\/wp\/v2\/posts\/6920\/revisions"}],"predecessor-version":[{"id":6922,"href":"https:\/\/agora.xtec.cat\/iesacumella\/wp-json\/wp\/v2\/posts\/6920\/revisions\/6922"}],"wp:featuredmedia":[{"embeddable":true,"href":"https:\/\/agora.xtec.cat\/iesacumella\/wp-json\/wp\/v2\/media\/6921"}],"wp:attachment":[{"href":"https:\/\/agora.xtec.cat\/iesacumella\/wp-json\/wp\/v2\/media?parent=6920"}],"wp:term":[{"taxonomy":"category","embeddable":true,"href":"https:\/\/agora.xtec.cat\/iesacumella\/wp-json\/wp\/v2\/categories?post=6920"},{"taxonomy":"post_tag","embeddable":true,"href":"https:\/\/agora.xtec.cat\/iesacumella\/wp-json\/wp\/v2\/tags?post=6920"}],"curies":[{"name":"wp","href":"https:\/\/api.w.org\/{rel}","templated":true}]}}