{"id":6917,"date":"2019-06-17T21:24:24","date_gmt":"2019-06-17T19:24:24","guid":{"rendered":"http:\/\/agora.xtec.cat\/iesacumella\/?p=6917"},"modified":"2019-06-17T21:30:11","modified_gmt":"2019-06-17T19:30:11","slug":"exposicio-inedits","status":"publish","type":"post","link":"https:\/\/agora.xtec.cat\/iesacumella\/portada\/exposicio-inedits\/","title":{"rendered":"Exposici\u00f3 In\u00e8dits"},"content":{"rendered":"<p style=\"font-weight: 400;\">L\u2019equip docent de tercer d\u2019ESO ha organitzat una exposici\u00f3 amb els treballs realitzats en el projecte de tercer , In\u00e8dits . quest projecte te com a objectiu principal l\u2019\u00fas\u00a0 de la fotografia en els diferents \u00e0mbits de coneixement .En l\u2019organitzaci\u00f3 de l\u2019exposici\u00f3 han estat responsables els alumnes de\u00a0 l\u2019Optativa de quart curs\u00a0\u00a0 Disseny i Comunicaci\u00f3 Visual\u00a0 ,amb la presentaci\u00f3\u00a0 del projecte expositiu per cadascun dels \u00e0mbits \u00a0i en seva concreci\u00f3 final ( projecte inicial, muntatge fotogr\u00e0fic, edici\u00f3 de video \u2026)<\/p>\n<p style=\"font-weight: 400;\">IN\u00c8DITS<\/p>\n<p style=\"font-weight: 400;\">Lloc : Passad\u00eds costat esquerra de la sala d\u2019actes de l\u2019Institut Antoni Cumella.<\/p>\n<p style=\"font-weight: 400;\">Data: fins el dia\u00a0 28 de juny.<\/p>\n<p><a href=\"https:\/\/agora.xtec.cat\/iesacumella\/wp-content\/uploads\/usu1642\/2019\/06\/2.png\"><img loading=\"lazy\" decoding=\"async\" class=\"alignnone size-large wp-image-6918\" src=\"https:\/\/agora.xtec.cat\/iesacumella\/wp-content\/uploads\/usu1642\/2019\/06\/2-724x1024.png\" alt=\"\" width=\"724\" height=\"1024\" srcset=\"https:\/\/agora.xtec.cat\/iesacumella\/wp-content\/uploads\/usu1642\/2019\/06\/2-724x1024.png 724w, https:\/\/agora.xtec.cat\/iesacumella\/wp-content\/uploads\/usu1642\/2019\/06\/2-212x300.png 212w, https:\/\/agora.xtec.cat\/iesacumella\/wp-content\/uploads\/usu1642\/2019\/06\/2-768x1086.png 768w, https:\/\/agora.xtec.cat\/iesacumella\/wp-content\/uploads\/usu1642\/2019\/06\/2.png 1587w\" sizes=\"auto, (max-width: 724px) 100vw, 724px\" \/><\/a><\/p>\n","protected":false},"excerpt":{"rendered":"<p>L\u2019equip docent de tercer d\u2019ESO ha organitzat una exposici\u00f3 amb els treballs realitzats en el projecte de tercer , In\u00e8dits . quest projecte te com a objectiu principal l\u2019\u00fas\u00a0 de la fotografia en els diferents \u00e0mbits de coneixement .En l\u2019organitzaci\u00f3 de l\u2019exposici\u00f3 han estat responsables&hellip;  <a href=\"https:\/\/agora.xtec.cat\/iesacumella\/portada\/exposicio-inedits\/\" title=\"Read Exposici\u00f3 In\u00e8dits\">Llegeix m\u00e9s\u00bb<\/a><\/p>\n","protected":false},"author":16,"featured_media":6918,"comment_status":"closed","ping_status":"closed","sticky":false,"template":"","format":"standard","meta":{"_bbp_topic_count":0,"_bbp_reply_count":0,"_bbp_total_topic_count":0,"_bbp_total_reply_count":0,"_bbp_voice_count":0,"_bbp_anonymous_reply_count":0,"_bbp_topic_count_hidden":0,"_bbp_reply_count_hidden":0,"_bbp_forum_subforum_count":0,"footnotes":""},"categories":[103,29,124],"tags":[],"class_list":["post-6917","post","type-post","status-publish","format-standard","has-post-thumbnail","hentry","category-departaments","category-portada","category-visual-i-plastica"],"post_mailing_queue_ids":[],"_links":{"self":[{"href":"https:\/\/agora.xtec.cat\/iesacumella\/wp-json\/wp\/v2\/posts\/6917","targetHints":{"allow":["GET"]}}],"collection":[{"href":"https:\/\/agora.xtec.cat\/iesacumella\/wp-json\/wp\/v2\/posts"}],"about":[{"href":"https:\/\/agora.xtec.cat\/iesacumella\/wp-json\/wp\/v2\/types\/post"}],"author":[{"embeddable":true,"href":"https:\/\/agora.xtec.cat\/iesacumella\/wp-json\/wp\/v2\/users\/16"}],"replies":[{"embeddable":true,"href":"https:\/\/agora.xtec.cat\/iesacumella\/wp-json\/wp\/v2\/comments?post=6917"}],"version-history":[{"count":1,"href":"https:\/\/agora.xtec.cat\/iesacumella\/wp-json\/wp\/v2\/posts\/6917\/revisions"}],"predecessor-version":[{"id":6919,"href":"https:\/\/agora.xtec.cat\/iesacumella\/wp-json\/wp\/v2\/posts\/6917\/revisions\/6919"}],"wp:featuredmedia":[{"embeddable":true,"href":"https:\/\/agora.xtec.cat\/iesacumella\/wp-json\/wp\/v2\/media\/6918"}],"wp:attachment":[{"href":"https:\/\/agora.xtec.cat\/iesacumella\/wp-json\/wp\/v2\/media?parent=6917"}],"wp:term":[{"taxonomy":"category","embeddable":true,"href":"https:\/\/agora.xtec.cat\/iesacumella\/wp-json\/wp\/v2\/categories?post=6917"},{"taxonomy":"post_tag","embeddable":true,"href":"https:\/\/agora.xtec.cat\/iesacumella\/wp-json\/wp\/v2\/tags?post=6917"}],"curies":[{"name":"wp","href":"https:\/\/api.w.org\/{rel}","templated":true}]}}