{"id":6900,"date":"2019-06-11T18:03:30","date_gmt":"2019-06-11T16:03:30","guid":{"rendered":"http:\/\/agora.xtec.cat\/iesacumella\/?p=6900"},"modified":"2019-06-11T18:03:30","modified_gmt":"2019-06-11T16:03:30","slug":"activitat-tei-placa-corona","status":"publish","type":"post","link":"https:\/\/agora.xtec.cat\/iesacumella\/portada\/estudis\/eso\/activitat-tei-placa-corona\/","title":{"rendered":"Activitat TEI Pla\u00e7a Corona"},"content":{"rendered":"<div><span style=\"font-size: small;\">El proper divendres 14 de 9 a 12h, a la Pla\u00e7a Corona de Granollers, els alumnes de 1r i 3er d&#8217;ESO de l&#8217;Institut Antoni Cumella serem CaTEIfaires.<br \/>\n<\/span><\/div>\n<div><span style=\"font-size: small;\">\u00a0<\/span><\/div>\n<div>\n<div><span style=\"font-size: small;\">En aquest \u00faltim trimestre la proposta d&#8217;activitats TEI (Tutoria Entre Iguals) s&#8217;ha basat en la creaci\u00f3 art\u00edstica col\u00b7laborativa fonamentada en l&#8217;art ef\u00edmer de de fer catifes. Un art molt nostrat a la nostra terra pels vols de Corpus i en temps de primavera.<br \/>\nCada grup d&#8217;alumnes ha elaborat un\u00a0s\u00edmbol del\u00a0significat personal que ha tingut per a ells\u00a0<span class=\"m_8270066227967091782gmail-m_-5337907487578825075m_3961398007336504956gmail-m_-163084003212059740gmail-hiddenSpellError\">el TEI<\/span>: amistat, ajuda, solidaritat, empatia, treball en equip,&#8230;<br \/>\n<\/span><\/div>\n<div><span style=\"font-size: small;\"><br \/>\nTamb\u00e9 hem apr\u00e8s algunes nocions b\u00e0siques de les t\u00e8cniques per elaborar catifes de flors i el dia 14 de juny farem una gran exposici\u00f3 a la pla\u00e7a de la Corona. Estar\u00e0 exposat tot el divendres fins a la matinada.<\/span><\/div>\n<\/div>\n<div><iframe loading=\"lazy\" width=\"560\" height=\"315\" src=\"https:\/\/www.youtube.com\/embed\/eOCzTanio0Q\" frameborder=\"0\" allow=\"accelerometer; autoplay; encrypted-media; gyroscope; picture-in-picture\" allowfullscreen><\/iframe><\/div>\n","protected":false},"excerpt":{"rendered":"<p>El proper divendres 14 de 9 a 12h, a la Pla\u00e7a Corona de Granollers, els alumnes de 1r i 3er d&#8217;ESO de l&#8217;Institut Antoni Cumella serem CaTEIfaires.<\/p>\n<p>\u00a0<\/p>\n<p>En aquest \u00faltim trimestre la proposta d&#8217;activitats TEI (Tutoria Entre Iguals) s&#8217;ha basat en la creaci\u00f3 art\u00edstica col\u00b7laborativa fonamentada&hellip;  <a href=\"https:\/\/agora.xtec.cat\/iesacumella\/portada\/estudis\/eso\/activitat-tei-placa-corona\/\" title=\"Read Activitat TEI Pla\u00e7a Corona\">Llegeix m\u00e9s\u00bb<\/a><\/p>\n","protected":false},"author":16,"featured_media":6901,"comment_status":"closed","ping_status":"closed","sticky":false,"template":"","format":"standard","meta":{"_bbp_topic_count":0,"_bbp_reply_count":0,"_bbp_total_topic_count":0,"_bbp_total_reply_count":0,"_bbp_voice_count":0,"_bbp_anonymous_reply_count":0,"_bbp_topic_count_hidden":0,"_bbp_reply_count_hidden":0,"_bbp_forum_subforum_count":0,"footnotes":""},"categories":[125,127,103,3,29,123],"tags":[],"class_list":["post-6900","post","type-post","status-publish","format-standard","has-post-thumbnail","hentry","category-1r-eso","category-3r-eso","category-departaments","category-eso","category-portada","category-tei"],"post_mailing_queue_ids":[],"_links":{"self":[{"href":"https:\/\/agora.xtec.cat\/iesacumella\/wp-json\/wp\/v2\/posts\/6900","targetHints":{"allow":["GET"]}}],"collection":[{"href":"https:\/\/agora.xtec.cat\/iesacumella\/wp-json\/wp\/v2\/posts"}],"about":[{"href":"https:\/\/agora.xtec.cat\/iesacumella\/wp-json\/wp\/v2\/types\/post"}],"author":[{"embeddable":true,"href":"https:\/\/agora.xtec.cat\/iesacumella\/wp-json\/wp\/v2\/users\/16"}],"replies":[{"embeddable":true,"href":"https:\/\/agora.xtec.cat\/iesacumella\/wp-json\/wp\/v2\/comments?post=6900"}],"version-history":[{"count":1,"href":"https:\/\/agora.xtec.cat\/iesacumella\/wp-json\/wp\/v2\/posts\/6900\/revisions"}],"predecessor-version":[{"id":6902,"href":"https:\/\/agora.xtec.cat\/iesacumella\/wp-json\/wp\/v2\/posts\/6900\/revisions\/6902"}],"wp:featuredmedia":[{"embeddable":true,"href":"https:\/\/agora.xtec.cat\/iesacumella\/wp-json\/wp\/v2\/media\/6901"}],"wp:attachment":[{"href":"https:\/\/agora.xtec.cat\/iesacumella\/wp-json\/wp\/v2\/media?parent=6900"}],"wp:term":[{"taxonomy":"category","embeddable":true,"href":"https:\/\/agora.xtec.cat\/iesacumella\/wp-json\/wp\/v2\/categories?post=6900"},{"taxonomy":"post_tag","embeddable":true,"href":"https:\/\/agora.xtec.cat\/iesacumella\/wp-json\/wp\/v2\/tags?post=6900"}],"curies":[{"name":"wp","href":"https:\/\/api.w.org\/{rel}","templated":true}]}}