{"id":6887,"date":"2019-05-30T12:52:02","date_gmt":"2019-05-30T10:52:02","guid":{"rendered":"http:\/\/agora.xtec.cat\/iesacumella\/?p=6887"},"modified":"2019-05-30T12:52:02","modified_gmt":"2019-05-30T10:52:02","slug":"estada-dels-alumnes-dintercanvi-a-franca","status":"publish","type":"post","link":"https:\/\/agora.xtec.cat\/iesacumella\/portada\/estada-dels-alumnes-dintercanvi-a-franca\/","title":{"rendered":"Estada dels alumnes d\u2019intercanvi a Fran\u00e7a"},"content":{"rendered":"<p dir=\"ltr\">Durant la setmana de l\u201911 al 17 de maig, un grup d\u2019alumnes de 2n d\u2019ESO que cursen la mat\u00e8ria optativa de franc\u00e8s, va viatjar fins a la regi\u00f3 de la Nouvelle Aquitaine amb motiu de la segona part de l\u2019intercanvi amb el Coll\u00e8ge \u00c9mile Durkheim de Peujard, un petit municipi situat a 30 km de Bordeaux.<\/p>\n<p dir=\"ltr\">La setmana va comen\u00e7ar amb un esmorzar de benvinguda al centre i una ruta guiada pel poble vin\u00edcola de Saint-\u00c9milion, declarat patrimoni mundial de la UNESCO. A la tarda, els alumnes van visitar un conegut ch\u00e2teau de la zona, on varen poder apropar-se a les vinyes per tal d\u2019aprofundir en les principals etapes de producci\u00f3 del vi.<\/p>\n<p dir=\"ltr\">Durant l\u2019estada, tamb\u00e9 es van dur a terme sortides a la Dune du Pilat i al Bassin d\u2019Arcachon, un important atractiu tur\u00edstic de la regi\u00f3 que compta amb una gran diversitat d\u2019espais naturals: ports i pobles ostr\u00edcoles, boscos, illes, pen\u00edsules, llacs, etc. A m\u00e9s, gr\u00e0cies a un \u201cRallye-Photo\u201d organitzat pel centre, els alumnes tamb\u00e9 van poder con\u00e8ixer els principals edificis i monuments hist\u00f2rics de la ciutat de Bordeaux.<\/p>\n<p dir=\"ltr\">D\u2019altra banda, aquest projecte d\u2019intercanvi tamb\u00e9 va comptar amb m\u00faltiples activitats pedag\u00f2giques, com \u00e9s ara, la creaci\u00f3 d\u2019una producci\u00f3 musical que anava acompanyada d\u2019una coregrafia i que finalment va ser presentada al conjunt de la comunitat educativa.<\/p>\n<p dir=\"ltr\">Ha estat sens dubte una experi\u00e8ncia molt enriquidora tant pels alumnes com pel professorat. Gr\u00e0cies a aquesta immersi\u00f3 ling\u00fc\u00edstica, els alumnes han pogut establir nous ponts d\u2019amistat, descobrir una nova cultura i tamb\u00e9 una nova manera de viure. Esperem poder tornar-ho a repetir ben aviat!<\/p>\n<p dir=\"ltr\"><iframe loading=\"lazy\" src=\"https:\/\/player.vimeo.com\/video\/339308901\" width=\"640\" height=\"362\" frameborder=\"0\" allowfullscreen=\"allowfullscreen\"><\/iframe><\/p>\n<p><a href=\"https:\/\/vimeo.com\/339308901\">Estada a Fran\u00e7a 2019<\/a> from <a href=\"https:\/\/vimeo.com\/user97961180\">IES Antoni Cumella<\/a> on <a href=\"https:\/\/vimeo.com\">Vimeo<\/a>.<\/p>\n<p dir=\"ltr\"><a href=\"https:\/\/agora.xtec.cat\/iesacumella\/wp-content\/uploads\/usu1642\/2019\/05\/article-diari-sud-ouest-1.jpg\"><img loading=\"lazy\" decoding=\"async\" class=\"alignnone size-large wp-image-6889\" src=\"https:\/\/agora.xtec.cat\/iesacumella\/wp-content\/uploads\/usu1642\/2019\/05\/article-diari-sud-ouest-1-700x1024.jpg\" alt=\"\" width=\"700\" height=\"1024\" srcset=\"https:\/\/agora.xtec.cat\/iesacumella\/wp-content\/uploads\/usu1642\/2019\/05\/article-diari-sud-ouest-1-700x1024.jpg 700w, https:\/\/agora.xtec.cat\/iesacumella\/wp-content\/uploads\/usu1642\/2019\/05\/article-diari-sud-ouest-1-205x300.jpg 205w, https:\/\/agora.xtec.cat\/iesacumella\/wp-content\/uploads\/usu1642\/2019\/05\/article-diari-sud-ouest-1-768x1123.jpg 768w, https:\/\/agora.xtec.cat\/iesacumella\/wp-content\/uploads\/usu1642\/2019\/05\/article-diari-sud-ouest-1.jpg 1182w\" sizes=\"auto, (max-width: 700px) 100vw, 700px\" \/><\/a><\/p>\n","protected":false},"excerpt":{"rendered":"<p>Durant la setmana de l\u201911 al 17 de maig, un grup d\u2019alumnes de 2n d\u2019ESO que cursen la mat\u00e8ria optativa de franc\u00e8s, va viatjar fins a la regi\u00f3 de la Nouvelle Aquitaine amb motiu de la segona part de l\u2019intercanvi amb el Coll\u00e8ge \u00c9mile Durkheim&hellip;  <a href=\"https:\/\/agora.xtec.cat\/iesacumella\/portada\/estada-dels-alumnes-dintercanvi-a-franca\/\" title=\"Read Estada dels alumnes d\u2019intercanvi a Fran\u00e7a\">Llegeix m\u00e9s\u00bb<\/a><\/p>\n","protected":false},"author":16,"featured_media":6890,"comment_status":"closed","ping_status":"closed","sticky":false,"template":"","format":"standard","meta":{"_bbp_topic_count":0,"_bbp_reply_count":0,"_bbp_total_topic_count":0,"_bbp_total_reply_count":0,"_bbp_voice_count":0,"_bbp_anonymous_reply_count":0,"_bbp_topic_count_hidden":0,"_bbp_reply_count_hidden":0,"_bbp_forum_subforum_count":0,"footnotes":""},"categories":[126,103,113,29],"tags":[],"class_list":["post-6887","post","type-post","status-publish","format-standard","has-post-thumbnail","hentry","category-2n-eso","category-departaments","category-llengues-estrangeres","category-portada"],"post_mailing_queue_ids":[],"_links":{"self":[{"href":"https:\/\/agora.xtec.cat\/iesacumella\/wp-json\/wp\/v2\/posts\/6887","targetHints":{"allow":["GET"]}}],"collection":[{"href":"https:\/\/agora.xtec.cat\/iesacumella\/wp-json\/wp\/v2\/posts"}],"about":[{"href":"https:\/\/agora.xtec.cat\/iesacumella\/wp-json\/wp\/v2\/types\/post"}],"author":[{"embeddable":true,"href":"https:\/\/agora.xtec.cat\/iesacumella\/wp-json\/wp\/v2\/users\/16"}],"replies":[{"embeddable":true,"href":"https:\/\/agora.xtec.cat\/iesacumella\/wp-json\/wp\/v2\/comments?post=6887"}],"version-history":[{"count":1,"href":"https:\/\/agora.xtec.cat\/iesacumella\/wp-json\/wp\/v2\/posts\/6887\/revisions"}],"predecessor-version":[{"id":6891,"href":"https:\/\/agora.xtec.cat\/iesacumella\/wp-json\/wp\/v2\/posts\/6887\/revisions\/6891"}],"wp:featuredmedia":[{"embeddable":true,"href":"https:\/\/agora.xtec.cat\/iesacumella\/wp-json\/wp\/v2\/media\/6890"}],"wp:attachment":[{"href":"https:\/\/agora.xtec.cat\/iesacumella\/wp-json\/wp\/v2\/media?parent=6887"}],"wp:term":[{"taxonomy":"category","embeddable":true,"href":"https:\/\/agora.xtec.cat\/iesacumella\/wp-json\/wp\/v2\/categories?post=6887"},{"taxonomy":"post_tag","embeddable":true,"href":"https:\/\/agora.xtec.cat\/iesacumella\/wp-json\/wp\/v2\/tags?post=6887"}],"curies":[{"name":"wp","href":"https:\/\/api.w.org\/{rel}","templated":true}]}}