{"id":6854,"date":"2019-05-09T12:40:03","date_gmt":"2019-05-09T10:40:03","guid":{"rendered":"http:\/\/agora.xtec.cat\/iesacumella\/?p=6854"},"modified":"2019-05-09T12:42:50","modified_gmt":"2019-05-09T10:42:50","slug":"el-consell-de-savis","status":"publish","type":"post","link":"https:\/\/agora.xtec.cat\/iesacumella\/portada\/estudis\/eso\/el-consell-de-savis\/","title":{"rendered":"Sortida a la Filmoteca. El Consell de Savis"},"content":{"rendered":"<p>El passat dimarts els alumnes de 4rt d&#8217;ESO van participar en l&#8217;activitat &#8220;El Consell de Savis&#8221; organitzat per la Filmoteca de Catalunya. All\u00e0 van tenir l&#8217;oportunitat de veure documents audiovisuals de la guerra civil i d&#8217;escoltar les experi\u00e8ncies de la Roser i la\u00a0Contxita, les quals van viure en primera persona la traum\u00e0tica viv\u00e8ncia de la Guerra Civil i el per\u00edode de postguerra. Els alumnes van mostrar molt d&#8217;inter\u00e8s\u00a0per les hist\u00f2ries de les dues dones i elles\u00a0van respondre amb molt de gust les seves\u00a0preguntes. Tot plegat va estar una sessi\u00f3 molt emotiva i una oportunitat per\u00a0posar en valor la mem\u00f2ria hist\u00f2rica mitjan\u00e7ant la veu de les seves protagonistes.<\/p>\n<figure class=\"figure wp-caption alignnone\"><a href=\"https:\/\/agora.xtec.cat\/iesacumella\/wp-content\/uploads\/usu1642\/2019\/05\/IMG_20190507_124827.jpg\"><img loading=\"lazy\" decoding=\"async\" class=\"size-large wp-image-6855\" src=\"https:\/\/agora.xtec.cat\/iesacumella\/wp-content\/uploads\/usu1642\/2019\/05\/IMG_20190507_124827-1024x768.jpg\" alt=\"\" width=\"1024\" height=\"768\" srcset=\"https:\/\/agora.xtec.cat\/iesacumella\/wp-content\/uploads\/usu1642\/2019\/05\/IMG_20190507_124827-1024x768.jpg 1024w, https:\/\/agora.xtec.cat\/iesacumella\/wp-content\/uploads\/usu1642\/2019\/05\/IMG_20190507_124827-300x225.jpg 300w, https:\/\/agora.xtec.cat\/iesacumella\/wp-content\/uploads\/usu1642\/2019\/05\/IMG_20190507_124827-768x576.jpg 768w, https:\/\/agora.xtec.cat\/iesacumella\/wp-content\/uploads\/usu1642\/2019\/05\/IMG_20190507_124827-200x150.jpg 200w, https:\/\/agora.xtec.cat\/iesacumella\/wp-content\/uploads\/usu1642\/2019\/05\/IMG_20190507_124827.jpg 1984w\" sizes=\"auto, (max-width: 1024px) 100vw, 1024px\" \/><\/a><figcaption class=\"wp-caption-text\">dav<\/figcaption><\/figure>\n","protected":false},"excerpt":{"rendered":"<p>El passat dimarts els alumnes de 4rt d&#8217;ESO van participar en l&#8217;activitat &#8220;El Consell de Savis&#8221; organitzat per la Filmoteca de Catalunya. All\u00e0 van tenir l&#8217;oportunitat de veure documents audiovisuals de la guerra civil i d&#8217;escoltar les experi\u00e8ncies de la Roser i la\u00a0Contxita, les quals&hellip;  <a href=\"https:\/\/agora.xtec.cat\/iesacumella\/portada\/estudis\/eso\/el-consell-de-savis\/\" title=\"Read Sortida a la Filmoteca. El Consell de Savis\">Llegeix m\u00e9s\u00bb<\/a><\/p>\n","protected":false},"author":16,"featured_media":6855,"comment_status":"closed","ping_status":"closed","sticky":false,"template":"","format":"standard","meta":{"_bbp_topic_count":0,"_bbp_reply_count":0,"_bbp_total_topic_count":0,"_bbp_total_reply_count":0,"_bbp_voice_count":0,"_bbp_anonymous_reply_count":0,"_bbp_topic_count_hidden":0,"_bbp_reply_count_hidden":0,"_bbp_forum_subforum_count":0,"footnotes":""},"categories":[128,131,103,3,105,29],"tags":[],"class_list":["post-6854","post","type-post","status-publish","format-standard","has-post-thumbnail","hentry","category-4rt-eso","category-ciencies-socials","category-departaments","category-eso","category-estudis","category-portada"],"post_mailing_queue_ids":[],"_links":{"self":[{"href":"https:\/\/agora.xtec.cat\/iesacumella\/wp-json\/wp\/v2\/posts\/6854","targetHints":{"allow":["GET"]}}],"collection":[{"href":"https:\/\/agora.xtec.cat\/iesacumella\/wp-json\/wp\/v2\/posts"}],"about":[{"href":"https:\/\/agora.xtec.cat\/iesacumella\/wp-json\/wp\/v2\/types\/post"}],"author":[{"embeddable":true,"href":"https:\/\/agora.xtec.cat\/iesacumella\/wp-json\/wp\/v2\/users\/16"}],"replies":[{"embeddable":true,"href":"https:\/\/agora.xtec.cat\/iesacumella\/wp-json\/wp\/v2\/comments?post=6854"}],"version-history":[{"count":2,"href":"https:\/\/agora.xtec.cat\/iesacumella\/wp-json\/wp\/v2\/posts\/6854\/revisions"}],"predecessor-version":[{"id":6857,"href":"https:\/\/agora.xtec.cat\/iesacumella\/wp-json\/wp\/v2\/posts\/6854\/revisions\/6857"}],"wp:featuredmedia":[{"embeddable":true,"href":"https:\/\/agora.xtec.cat\/iesacumella\/wp-json\/wp\/v2\/media\/6855"}],"wp:attachment":[{"href":"https:\/\/agora.xtec.cat\/iesacumella\/wp-json\/wp\/v2\/media?parent=6854"}],"wp:term":[{"taxonomy":"category","embeddable":true,"href":"https:\/\/agora.xtec.cat\/iesacumella\/wp-json\/wp\/v2\/categories?post=6854"},{"taxonomy":"post_tag","embeddable":true,"href":"https:\/\/agora.xtec.cat\/iesacumella\/wp-json\/wp\/v2\/tags?post=6854"}],"curies":[{"name":"wp","href":"https:\/\/api.w.org\/{rel}","templated":true}]}}