{"id":6806,"date":"2019-04-24T14:37:38","date_gmt":"2019-04-24T12:37:38","guid":{"rendered":"http:\/\/agora.xtec.cat\/iesacumella\/?p=6806"},"modified":"2019-04-24T14:37:46","modified_gmt":"2019-04-24T12:37:46","slug":"acolliment-dels-alumnes-francesos-granollers","status":"publish","type":"post","link":"https:\/\/agora.xtec.cat\/iesacumella\/portada\/acolliment-dels-alumnes-francesos-granollers\/","title":{"rendered":"Acolliment dels alumnes francesos Granollers"},"content":{"rendered":"<p dir=\"ltr\"><a href=\"https:\/\/agora.xtec.cat\/iesacumella\/wp-content\/uploads\/usu1642\/2019\/04\/foto-2.jpg\"><img loading=\"lazy\" decoding=\"async\" class=\"alignnone size-large wp-image-6807\" src=\"https:\/\/agora.xtec.cat\/iesacumella\/wp-content\/uploads\/usu1642\/2019\/04\/foto-2-1024x625.jpg\" alt=\"\" width=\"1024\" height=\"625\" srcset=\"https:\/\/agora.xtec.cat\/iesacumella\/wp-content\/uploads\/usu1642\/2019\/04\/foto-2-1024x625.jpg 1024w, https:\/\/agora.xtec.cat\/iesacumella\/wp-content\/uploads\/usu1642\/2019\/04\/foto-2-300x183.jpg 300w, https:\/\/agora.xtec.cat\/iesacumella\/wp-content\/uploads\/usu1642\/2019\/04\/foto-2-768x469.jpg 768w\" sizes=\"auto, (max-width: 1024px) 100vw, 1024px\" \/><\/a> <a href=\"https:\/\/agora.xtec.cat\/iesacumella\/wp-content\/uploads\/usu1642\/2019\/04\/foto3-.jpg\"><img loading=\"lazy\" decoding=\"async\" class=\"alignnone size-large wp-image-6808\" src=\"https:\/\/agora.xtec.cat\/iesacumella\/wp-content\/uploads\/usu1642\/2019\/04\/foto3-.jpg\" alt=\"\" width=\"900\" height=\"922\" srcset=\"https:\/\/agora.xtec.cat\/iesacumella\/wp-content\/uploads\/usu1642\/2019\/04\/foto3-.jpg 900w, https:\/\/agora.xtec.cat\/iesacumella\/wp-content\/uploads\/usu1642\/2019\/04\/foto3--293x300.jpg 293w, https:\/\/agora.xtec.cat\/iesacumella\/wp-content\/uploads\/usu1642\/2019\/04\/foto3--768x787.jpg 768w\" sizes=\"auto, (max-width: 900px) 100vw, 900px\" \/><\/a>Durant la setmana del 7 al 13 d\u2019abril hem acollit els alumnes de l\u2019institut Emile Durkheim de Peujard (Bordeaux). Al llarg de la seva estada, tots els alumnes participants han assistit a classe amb les seves parelles ling\u00fc\u00edstiques i gr\u00e0cies a un rallye-selfie organitzat pel centre, han pogut descobrir els racons m\u00e9s emblem\u00e0tics del centre hist\u00f2ric de Granollers.<\/p>\n<p dir=\"ltr\">Per altra banda, tamb\u00e9 s\u2019han realitzat diverses sortides a Barcelona per tal de visitar els principals monuments modernistes de la ciutat com ara la Sagrada Fam\u00edlia i el Park G\u00fcell. A m\u00e9s, els alumnes tamb\u00e9 han pogut gaudir d\u2019una jornada d\u2019activitats aqu\u00e0tiques al canal ol\u00edmpic de Castelldefels.<\/p>\n<p dir=\"ltr\">Ha estat una setmana mot intensa, plena d\u2019activitats i conviv\u00e8ncia. Com a bons amfitrions, els hem ensenyat les nostres tradicions i els hem mostrat un tast de la nostra cultura. Esperem que hagin gaudit molt d\u2019aquesta experi\u00e8ncia.<\/p>\n<div class=\"yj6qo\"><\/div>\n","protected":false},"excerpt":{"rendered":"<p><a href=\"https:\/\/agora.xtec.cat\/iesacumella\/wp-content\/uploads\/usu1642\/2019\/04\/foto-2.jpg\"><\/a> <a href=\"https:\/\/agora.xtec.cat\/iesacumella\/wp-content\/uploads\/usu1642\/2019\/04\/foto3-.jpg\"><\/a>Durant la setmana del 7 al 13 d\u2019abril hem acollit els alumnes de l\u2019institut Emile Durkheim de Peujard (Bordeaux). Al llarg de la seva estada, tots els alumnes participants han assistit a classe amb les seves parelles ling\u00fc\u00edstiques i gr\u00e0cies a un&hellip;  <a href=\"https:\/\/agora.xtec.cat\/iesacumella\/portada\/acolliment-dels-alumnes-francesos-granollers\/\" title=\"Read Acolliment dels alumnes francesos Granollers\">Llegeix m\u00e9s\u00bb<\/a><\/p>\n","protected":false},"author":16,"featured_media":6807,"comment_status":"closed","ping_status":"closed","sticky":false,"template":"","format":"standard","meta":{"_bbp_topic_count":0,"_bbp_reply_count":0,"_bbp_total_topic_count":0,"_bbp_total_reply_count":0,"_bbp_voice_count":0,"_bbp_anonymous_reply_count":0,"_bbp_topic_count_hidden":0,"_bbp_reply_count_hidden":0,"_bbp_forum_subforum_count":0,"footnotes":""},"categories":[103,113,29],"tags":[],"class_list":["post-6806","post","type-post","status-publish","format-standard","has-post-thumbnail","hentry","category-departaments","category-llengues-estrangeres","category-portada"],"post_mailing_queue_ids":[],"_links":{"self":[{"href":"https:\/\/agora.xtec.cat\/iesacumella\/wp-json\/wp\/v2\/posts\/6806","targetHints":{"allow":["GET"]}}],"collection":[{"href":"https:\/\/agora.xtec.cat\/iesacumella\/wp-json\/wp\/v2\/posts"}],"about":[{"href":"https:\/\/agora.xtec.cat\/iesacumella\/wp-json\/wp\/v2\/types\/post"}],"author":[{"embeddable":true,"href":"https:\/\/agora.xtec.cat\/iesacumella\/wp-json\/wp\/v2\/users\/16"}],"replies":[{"embeddable":true,"href":"https:\/\/agora.xtec.cat\/iesacumella\/wp-json\/wp\/v2\/comments?post=6806"}],"version-history":[{"count":1,"href":"https:\/\/agora.xtec.cat\/iesacumella\/wp-json\/wp\/v2\/posts\/6806\/revisions"}],"predecessor-version":[{"id":6809,"href":"https:\/\/agora.xtec.cat\/iesacumella\/wp-json\/wp\/v2\/posts\/6806\/revisions\/6809"}],"wp:featuredmedia":[{"embeddable":true,"href":"https:\/\/agora.xtec.cat\/iesacumella\/wp-json\/wp\/v2\/media\/6807"}],"wp:attachment":[{"href":"https:\/\/agora.xtec.cat\/iesacumella\/wp-json\/wp\/v2\/media?parent=6806"}],"wp:term":[{"taxonomy":"category","embeddable":true,"href":"https:\/\/agora.xtec.cat\/iesacumella\/wp-json\/wp\/v2\/categories?post=6806"},{"taxonomy":"post_tag","embeddable":true,"href":"https:\/\/agora.xtec.cat\/iesacumella\/wp-json\/wp\/v2\/tags?post=6806"}],"curies":[{"name":"wp","href":"https:\/\/api.w.org\/{rel}","templated":true}]}}