{"id":6681,"date":"2019-02-27T10:02:19","date_gmt":"2019-02-27T09:02:19","guid":{"rendered":"http:\/\/agora.xtec.cat\/iesacumella\/?p=6681"},"modified":"2019-02-27T10:02:19","modified_gmt":"2019-02-27T09:02:19","slug":"xerrada-come-to-industry","status":"publish","type":"post","link":"https:\/\/agora.xtec.cat\/iesacumella\/portada\/estudis\/eso\/xerrada-come-to-industry\/","title":{"rendered":"Xerrada Come to Industry"},"content":{"rendered":"<p>El passat dijous 21, les alumnes de 2n d&#8217;ESO van rebre una visita de l&#8217;empresa Freudenberg, amb l&#8217;objectiu de promoure les vocacions tecnol\u00f2giques dins del sector femen\u00ed. Els estereotips laborals de g\u00e8nere encara pesen a la nostra vida quotidiana, i des de l&#8217;institut Antoni Cumella volem donar a con\u00e8ixer les diferents sortides laborals industrials per tal d&#8217;aprofitar al m\u00e0xim<a href=\"https:\/\/agora.xtec.cat\/iesacumella\/wp-content\/uploads\/usu1642\/2019\/02\/20190221_122748.jpg\"><img loading=\"lazy\" decoding=\"async\" class=\"alignnone size-large wp-image-6682\" src=\"https:\/\/agora.xtec.cat\/iesacumella\/wp-content\/uploads\/usu1642\/2019\/02\/20190221_122748-1024x1024.jpg\" alt=\"\" width=\"1024\" height=\"1024\" srcset=\"https:\/\/agora.xtec.cat\/iesacumella\/wp-content\/uploads\/usu1642\/2019\/02\/20190221_122748-1024x1024.jpg 1024w, https:\/\/agora.xtec.cat\/iesacumella\/wp-content\/uploads\/usu1642\/2019\/02\/20190221_122748-150x150.jpg 150w, https:\/\/agora.xtec.cat\/iesacumella\/wp-content\/uploads\/usu1642\/2019\/02\/20190221_122748-300x300.jpg 300w, https:\/\/agora.xtec.cat\/iesacumella\/wp-content\/uploads\/usu1642\/2019\/02\/20190221_122748-768x768.jpg 768w\" sizes=\"auto, (max-width: 1024px) 100vw, 1024px\" \/><\/a> <a href=\"https:\/\/agora.xtec.cat\/iesacumella\/wp-content\/uploads\/usu1642\/2019\/02\/20190221_132211.jpg\"><img loading=\"lazy\" decoding=\"async\" class=\"alignnone size-large wp-image-6683\" src=\"https:\/\/agora.xtec.cat\/iesacumella\/wp-content\/uploads\/usu1642\/2019\/02\/20190221_132211-1024x1024.jpg\" alt=\"\" width=\"1024\" height=\"1024\" srcset=\"https:\/\/agora.xtec.cat\/iesacumella\/wp-content\/uploads\/usu1642\/2019\/02\/20190221_132211-1024x1024.jpg 1024w, https:\/\/agora.xtec.cat\/iesacumella\/wp-content\/uploads\/usu1642\/2019\/02\/20190221_132211-150x150.jpg 150w, https:\/\/agora.xtec.cat\/iesacumella\/wp-content\/uploads\/usu1642\/2019\/02\/20190221_132211-300x300.jpg 300w, https:\/\/agora.xtec.cat\/iesacumella\/wp-content\/uploads\/usu1642\/2019\/02\/20190221_132211-768x768.jpg 768w\" sizes=\"auto, (max-width: 1024px) 100vw, 1024px\" \/><\/a> el talent femen\u00ed en aquest sector.<\/p>\n","protected":false},"excerpt":{"rendered":"<p>El passat dijous 21, les alumnes de 2n d&#8217;ESO van rebre una visita de l&#8217;empresa Freudenberg, amb l&#8217;objectiu de promoure les vocacions tecnol\u00f2giques dins del sector femen\u00ed. Els estereotips laborals de g\u00e8nere encara pesen a la nostra vida quotidiana, i des de l&#8217;institut Antoni Cumella&hellip;  <a href=\"https:\/\/agora.xtec.cat\/iesacumella\/portada\/estudis\/eso\/xerrada-come-to-industry\/\" title=\"Read Xerrada Come to Industry\">Llegeix m\u00e9s\u00bb<\/a><\/p>\n","protected":false},"author":16,"featured_media":6682,"comment_status":"closed","ping_status":"closed","sticky":false,"template":"","format":"standard","meta":{"_bbp_topic_count":0,"_bbp_reply_count":0,"_bbp_total_topic_count":0,"_bbp_total_reply_count":0,"_bbp_voice_count":0,"_bbp_anonymous_reply_count":0,"_bbp_topic_count_hidden":0,"_bbp_reply_count_hidden":0,"_bbp_forum_subforum_count":0,"footnotes":""},"categories":[126,103,3,29,122],"tags":[],"class_list":["post-6681","post","type-post","status-publish","format-standard","has-post-thumbnail","hentry","category-2n-eso","category-departaments","category-eso","category-portada","category-tecnologia"],"post_mailing_queue_ids":[],"_links":{"self":[{"href":"https:\/\/agora.xtec.cat\/iesacumella\/wp-json\/wp\/v2\/posts\/6681","targetHints":{"allow":["GET"]}}],"collection":[{"href":"https:\/\/agora.xtec.cat\/iesacumella\/wp-json\/wp\/v2\/posts"}],"about":[{"href":"https:\/\/agora.xtec.cat\/iesacumella\/wp-json\/wp\/v2\/types\/post"}],"author":[{"embeddable":true,"href":"https:\/\/agora.xtec.cat\/iesacumella\/wp-json\/wp\/v2\/users\/16"}],"replies":[{"embeddable":true,"href":"https:\/\/agora.xtec.cat\/iesacumella\/wp-json\/wp\/v2\/comments?post=6681"}],"version-history":[{"count":1,"href":"https:\/\/agora.xtec.cat\/iesacumella\/wp-json\/wp\/v2\/posts\/6681\/revisions"}],"predecessor-version":[{"id":6684,"href":"https:\/\/agora.xtec.cat\/iesacumella\/wp-json\/wp\/v2\/posts\/6681\/revisions\/6684"}],"wp:featuredmedia":[{"embeddable":true,"href":"https:\/\/agora.xtec.cat\/iesacumella\/wp-json\/wp\/v2\/media\/6682"}],"wp:attachment":[{"href":"https:\/\/agora.xtec.cat\/iesacumella\/wp-json\/wp\/v2\/media?parent=6681"}],"wp:term":[{"taxonomy":"category","embeddable":true,"href":"https:\/\/agora.xtec.cat\/iesacumella\/wp-json\/wp\/v2\/categories?post=6681"},{"taxonomy":"post_tag","embeddable":true,"href":"https:\/\/agora.xtec.cat\/iesacumella\/wp-json\/wp\/v2\/tags?post=6681"}],"curies":[{"name":"wp","href":"https:\/\/api.w.org\/{rel}","templated":true}]}}