{"id":6638,"date":"2019-02-14T10:22:58","date_gmt":"2019-02-14T09:22:58","guid":{"rendered":"http:\/\/agora.xtec.cat\/iesacumella\/?p=6638"},"modified":"2019-02-14T10:22:58","modified_gmt":"2019-02-14T09:22:58","slug":"activitat-tei","status":"publish","type":"post","link":"https:\/\/agora.xtec.cat\/iesacumella\/portada\/general\/activitat-tei\/","title":{"rendered":"Activitat TEI"},"content":{"rendered":"<p>Gr\u00e0cies a la col\u00b7laboraci\u00f3 d&#8217;en Ricard Ventura, coach i formador, el passat 7 de febrer els alumnes del projecte TEI, van fer una trobada per pensar i parlar d&#8217;aspectes com la resili\u00e8ncia, el treball en equip o l&#8217;autoestima. Mitjan\u00e7ant una confer\u00e8ncia de caire participatiu les parelles TEI van interaccionar i reflexionar sobre la import\u00e0ncia de tenir somnis i prendre decisions.<br \/>\nL\u00b4activitat va ser molt amena i \u00e0gil. Les parelles TEI van tenir l\u00b4oportunitat de con\u00e8ixer-se millor i compartir una hora d\u00b4activitat continuada a la sala d\u00b4actes del Centre. Ricard Ventura va explicar-se de manera molt entenedora i, no nom\u00e9s va fer que l\u00b4alumnat particip\u00e9s des de la platea, sin\u00f3 que, va fer que alguns alumnes, sols o en grup, pugessin a l\u00b4escenari per ajudar a entendre l\u00b4activitat que estaven fent en aquell moment i poder visualitzar la import\u00e0ncia de tenir somnis i no tenir por de prendre decisions.<br \/>\nAl final de la confer\u00e8ncia tamb\u00e9 hi van participar activament les tutores i el tutor de 1r i 3r d\u00b4ESO ja que van pujar a l\u00b4escenari, junt amb alumnes, per fer una representaci\u00f3 sobre la import\u00e0ncia de saber treballar en equip. L\u00b4experi\u00e8ncia va ser molt positiva.<\/p>\n\r\n\t<div class=\"slideshow_container slideshow_container_style-light\" style=\"height: 600px; \" data-slideshow-id=\"6646\" data-style-name=\"style-light\" data-style-version=\"2.3.1\" >\r\n\r\n\t\t\t\t\t<div class=\"slideshow_loading_icon\"><\/div>\r\n\t\t\r\n\t\t<div class=\"slideshow_content\" style=\"display: none;\">\r\n\r\n\t\t\t<div class=\"slideshow_view\">\r\n\t\t\t\t<div class=\"slideshow_slide slideshow_slide_image\">\r\n\t\t\t\t\t\t\t\t\t\t\t<img src=\"https:\/\/agora.xtec.cat\/iesacumella\/wp-content\/uploads\/usu1642\/2019\/02\/3.png\" alt=\"3\" width=\"287\" height=\"215\" \/>\r\n\t\t\t\t\t\t\t\t\t\t<div class=\"slideshow_description_box slideshow_transparent\">\r\n\t\t\t\t\t\t<div class=\"slideshow_title\">3<\/div>\t\t\t\t\t\t\t\t\t\t\t<\/div>\r\n\t\t\t\t<\/div>\r\n\r\n\t\t\t\t\t\t<div style=\"clear: both;\"><\/div><\/div><div class=\"slideshow_view\">\r\n\t\t\t\t<div class=\"slideshow_slide slideshow_slide_image\">\r\n\t\t\t\t\t\t\t\t\t\t\t<img src=\"https:\/\/agora.xtec.cat\/iesacumella\/wp-content\/uploads\/usu1642\/2019\/02\/2.png\" alt=\"2\" width=\"872\" height=\"654\" \/>\r\n\t\t\t\t\t\t\t\t\t\t<div class=\"slideshow_description_box slideshow_transparent\">\r\n\t\t\t\t\t\t<div class=\"slideshow_title\">2<\/div>\t\t\t\t\t\t\t\t\t\t\t<\/div>\r\n\t\t\t\t<\/div>\r\n\r\n\t\t\t\t\t\t<div style=\"clear: both;\"><\/div><\/div><div class=\"slideshow_view\">\r\n\t\t\t\t<div class=\"slideshow_slide slideshow_slide_image\">\r\n\t\t\t\t\t\t\t\t\t\t\t<img src=\"https:\/\/agora.xtec.cat\/iesacumella\/wp-content\/uploads\/usu1642\/2019\/02\/1.png\" alt=\"1\" width=\"807\" height=\"605\" \/>\r\n\t\t\t\t\t\t\t\t\t\t<div class=\"slideshow_description_box slideshow_transparent\">\r\n\t\t\t\t\t\t<div class=\"slideshow_title\">1<\/div>\t\t\t\t\t\t\t\t\t\t\t<\/div>\r\n\t\t\t\t<\/div>\r\n\r\n\t\t\t\t\t\t<div style=\"clear: both;\"><\/div><\/div>\r\n\t\t<\/div>\r\n\r\n\t\t<div class=\"slideshow_controlPanel slideshow_transparent\" style=\"display: none;\"><ul><li class=\"slideshow_togglePlay\" data-play-text=\"Visualitza\" data-pause-text=\"Pausa\"><\/li><\/ul><\/div>\r\n\r\n\t\t<div class=\"slideshow_button slideshow_previous slideshow_transparent\" role=\"button\" data-previous-text=\"Anterior\" style=\"display: none;\"><\/div>\r\n\t\t<div class=\"slideshow_button slideshow_next slideshow_transparent\" role=\"button\" data-next-text=\"Seg\u00fcent\" style=\"display: none;\"><\/div>\r\n\r\n\t\t<div class=\"slideshow_pagination\" style=\"display: none;\" data-go-to-text=\"V\u00e9s a la diapositiva\"><div class=\"slideshow_pagination_center\"><\/div><\/div>\r\n\r\n\t\t<!-- WordPress Slideshow Version 2.3.1 -->\r\n\r\n\t\t\t<\/div>\r\n\r\n\n","protected":false},"excerpt":{"rendered":"<p>Gr\u00e0cies a la col\u00b7laboraci\u00f3 d&#8217;en Ricard Ventura, coach i formador, el passat 7 de febrer els alumnes del projecte TEI, van fer una trobada per pensar i parlar d&#8217;aspectes com la resili\u00e8ncia, el treball en equip o l&#8217;autoestima. Mitjan\u00e7ant una confer\u00e8ncia de caire participatiu les&hellip;  <a href=\"https:\/\/agora.xtec.cat\/iesacumella\/portada\/general\/activitat-tei\/\" title=\"Read Activitat TEI\">Llegeix m\u00e9s\u00bb<\/a><\/p>\n","protected":false},"author":16,"featured_media":6647,"comment_status":"closed","ping_status":"closed","sticky":false,"template":"","format":"standard","meta":{"_bbp_topic_count":0,"_bbp_reply_count":0,"_bbp_total_topic_count":0,"_bbp_total_reply_count":0,"_bbp_voice_count":0,"_bbp_anonymous_reply_count":0,"_bbp_topic_count_hidden":0,"_bbp_reply_count_hidden":0,"_bbp_forum_subforum_count":0,"footnotes":""},"categories":[125,127,3,1,29,117,123],"tags":[],"class_list":["post-6638","post","type-post","status-publish","format-standard","has-post-thumbnail","hentry","category-1r-eso","category-3r-eso","category-eso","category-general","category-portada","category-projectes","category-tei"],"post_mailing_queue_ids":[],"_links":{"self":[{"href":"https:\/\/agora.xtec.cat\/iesacumella\/wp-json\/wp\/v2\/posts\/6638","targetHints":{"allow":["GET"]}}],"collection":[{"href":"https:\/\/agora.xtec.cat\/iesacumella\/wp-json\/wp\/v2\/posts"}],"about":[{"href":"https:\/\/agora.xtec.cat\/iesacumella\/wp-json\/wp\/v2\/types\/post"}],"author":[{"embeddable":true,"href":"https:\/\/agora.xtec.cat\/iesacumella\/wp-json\/wp\/v2\/users\/16"}],"replies":[{"embeddable":true,"href":"https:\/\/agora.xtec.cat\/iesacumella\/wp-json\/wp\/v2\/comments?post=6638"}],"version-history":[{"count":3,"href":"https:\/\/agora.xtec.cat\/iesacumella\/wp-json\/wp\/v2\/posts\/6638\/revisions"}],"predecessor-version":[{"id":6650,"href":"https:\/\/agora.xtec.cat\/iesacumella\/wp-json\/wp\/v2\/posts\/6638\/revisions\/6650"}],"wp:featuredmedia":[{"embeddable":true,"href":"https:\/\/agora.xtec.cat\/iesacumella\/wp-json\/wp\/v2\/media\/6647"}],"wp:attachment":[{"href":"https:\/\/agora.xtec.cat\/iesacumella\/wp-json\/wp\/v2\/media?parent=6638"}],"wp:term":[{"taxonomy":"category","embeddable":true,"href":"https:\/\/agora.xtec.cat\/iesacumella\/wp-json\/wp\/v2\/categories?post=6638"},{"taxonomy":"post_tag","embeddable":true,"href":"https:\/\/agora.xtec.cat\/iesacumella\/wp-json\/wp\/v2\/tags?post=6638"}],"curies":[{"name":"wp","href":"https:\/\/api.w.org\/{rel}","templated":true}]}}