{"id":6635,"date":"2019-02-11T13:48:29","date_gmt":"2019-02-11T12:48:29","guid":{"rendered":"http:\/\/agora.xtec.cat\/iesacumella\/?p=6635"},"modified":"2019-02-11T13:48:29","modified_gmt":"2019-02-11T12:48:29","slug":"el-projecte-revolta","status":"publish","type":"post","link":"https:\/\/agora.xtec.cat\/iesacumella\/portada\/estudis\/eso\/el-projecte-revolta\/","title":{"rendered":"El projecte Revolta"},"content":{"rendered":"<div>Es tracta d&#8217;una col\u00b7laboraci\u00f3 amb la cooperativa Tarpuna SCCL, l&#8217;Ajuntament de Granollers i les escoles Salvador Espriu i Salvador Llobet a trav\u00e9s de la qual recollim di\u00e0riament les restes org\u00e0niques que es generen als menjadors escolars i les tractem a trav\u00e9s d&#8217;una m\u00e0quina digestora (compostadora) per elaborar un primer compost que acabem de madurar a les piles de compostatge.<\/div>\n<div><\/div>\n<div>El Projecte desperta molt inter\u00e9s, per aix\u00f2 la cooperativa d&#8217;alumnes Handwork, a part de fer la recollida i el tractament, realitza tallers d&#8217;educaci\u00f3 ambiental.<\/div>\n<div><\/div>\n<div>El darrer 22 de gener vam rebre la visita un grup d&#8217;alumnes de 4rt d&#8217;ESO de l&#8217;institut Bellera de Granollers i el 5 de febrer als nois de la UEC (Unitat Externa d&#8217;escolaritzaci\u00f3)<\/div>\n<div><\/div>\n<div><a href=\"https:\/\/agora.xtec.cat\/iesacumella\/wp-content\/uploads\/usu1642\/2019\/02\/Foto-enviada-per-o-guinart.jpg\"><img loading=\"lazy\" decoding=\"async\" class=\"alignnone size-large wp-image-6636\" src=\"https:\/\/agora.xtec.cat\/iesacumella\/wp-content\/uploads\/usu1642\/2019\/02\/Foto-enviada-per-o-guinart-575x1024.jpg\" alt=\"\" width=\"575\" height=\"1024\" srcset=\"https:\/\/agora.xtec.cat\/iesacumella\/wp-content\/uploads\/usu1642\/2019\/02\/Foto-enviada-per-o-guinart-575x1024.jpg 575w, https:\/\/agora.xtec.cat\/iesacumella\/wp-content\/uploads\/usu1642\/2019\/02\/Foto-enviada-per-o-guinart-168x300.jpg 168w, https:\/\/agora.xtec.cat\/iesacumella\/wp-content\/uploads\/usu1642\/2019\/02\/Foto-enviada-per-o-guinart-768x1368.jpg 768w, https:\/\/agora.xtec.cat\/iesacumella\/wp-content\/uploads\/usu1642\/2019\/02\/Foto-enviada-per-o-guinart.jpg 898w\" sizes=\"auto, (max-width: 575px) 100vw, 575px\" \/><\/a><\/div>\n","protected":false},"excerpt":{"rendered":"<p>Es tracta d&#8217;una col\u00b7laboraci\u00f3 amb la cooperativa Tarpuna SCCL, l&#8217;Ajuntament de Granollers i les escoles Salvador Espriu i Salvador Llobet a trav\u00e9s de la qual recollim di\u00e0riament les restes org\u00e0niques que es generen als menjadors escolars i les tractem a trav\u00e9s d&#8217;una m\u00e0quina digestora (compostadora)&hellip;  <a href=\"https:\/\/agora.xtec.cat\/iesacumella\/portada\/estudis\/eso\/el-projecte-revolta\/\" title=\"Read El projecte Revolta\">Llegeix m\u00e9s\u00bb<\/a><\/p>\n","protected":false},"author":16,"featured_media":6636,"comment_status":"closed","ping_status":"closed","sticky":false,"template":"","format":"standard","meta":{"_bbp_topic_count":0,"_bbp_reply_count":0,"_bbp_total_topic_count":0,"_bbp_total_reply_count":0,"_bbp_voice_count":0,"_bbp_anonymous_reply_count":0,"_bbp_topic_count_hidden":0,"_bbp_reply_count_hidden":0,"_bbp_forum_subforum_count":0,"footnotes":""},"categories":[130,103,3,29],"tags":[],"class_list":["post-6635","post","type-post","status-publish","format-standard","has-post-thumbnail","hentry","category-ciencies-naturals","category-departaments","category-eso","category-portada"],"post_mailing_queue_ids":[],"_links":{"self":[{"href":"https:\/\/agora.xtec.cat\/iesacumella\/wp-json\/wp\/v2\/posts\/6635","targetHints":{"allow":["GET"]}}],"collection":[{"href":"https:\/\/agora.xtec.cat\/iesacumella\/wp-json\/wp\/v2\/posts"}],"about":[{"href":"https:\/\/agora.xtec.cat\/iesacumella\/wp-json\/wp\/v2\/types\/post"}],"author":[{"embeddable":true,"href":"https:\/\/agora.xtec.cat\/iesacumella\/wp-json\/wp\/v2\/users\/16"}],"replies":[{"embeddable":true,"href":"https:\/\/agora.xtec.cat\/iesacumella\/wp-json\/wp\/v2\/comments?post=6635"}],"version-history":[{"count":1,"href":"https:\/\/agora.xtec.cat\/iesacumella\/wp-json\/wp\/v2\/posts\/6635\/revisions"}],"predecessor-version":[{"id":6637,"href":"https:\/\/agora.xtec.cat\/iesacumella\/wp-json\/wp\/v2\/posts\/6635\/revisions\/6637"}],"wp:featuredmedia":[{"embeddable":true,"href":"https:\/\/agora.xtec.cat\/iesacumella\/wp-json\/wp\/v2\/media\/6636"}],"wp:attachment":[{"href":"https:\/\/agora.xtec.cat\/iesacumella\/wp-json\/wp\/v2\/media?parent=6635"}],"wp:term":[{"taxonomy":"category","embeddable":true,"href":"https:\/\/agora.xtec.cat\/iesacumella\/wp-json\/wp\/v2\/categories?post=6635"},{"taxonomy":"post_tag","embeddable":true,"href":"https:\/\/agora.xtec.cat\/iesacumella\/wp-json\/wp\/v2\/tags?post=6635"}],"curies":[{"name":"wp","href":"https:\/\/api.w.org\/{rel}","templated":true}]}}