{"id":6578,"date":"2019-01-25T15:13:50","date_gmt":"2019-01-25T14:13:50","guid":{"rendered":"http:\/\/agora.xtec.cat\/iesacumella\/?p=6578"},"modified":"2019-01-25T15:14:13","modified_gmt":"2019-01-25T14:14:13","slug":"projecte-booktrailer","status":"publish","type":"post","link":"https:\/\/agora.xtec.cat\/iesacumella\/portada\/general\/projecte-booktrailer\/","title":{"rendered":"PROJECTE BOOKTR\u00c0ILER"},"content":{"rendered":"<p>Els dies 22 i 24 de gener l&#8217;alumnat de 1r A d&#8217;ESO ha realitzat dos tallers per anar perfilant el contingut del booktr\u00e0iler d&#8217;enguany, basat en la novel\u00b7la La doble vida de Cassiel Roadnight. Dues especialistes, Mon Mas (dinamitzadora de lectura) i Paula G. Monar (professional de l&#8217;\u00e0mbit audiovisual) han estat guiant els alumnes sobre les tasques que hauran de dur a terme abans de la gravaci\u00f3 de les imatges que conformaran el video del booktr\u00e0iler.<br \/>\nTot l&#8217;alumnat ha demostrat tenir bones idees i s&#8217;hi est\u00e0 implicant molt.<\/p>\n<p><a href=\"https:\/\/agora.xtec.cat\/iesacumella\/wp-content\/uploads\/usu1642\/2019\/01\/IMG_20190124_121608422.jpg\"><img loading=\"lazy\" decoding=\"async\" class=\"alignnone size-large wp-image-6580\" src=\"https:\/\/agora.xtec.cat\/iesacumella\/wp-content\/uploads\/usu1642\/2019\/01\/IMG_20190124_121608422-1024x768.jpg\" alt=\"\" width=\"1024\" height=\"768\" srcset=\"https:\/\/agora.xtec.cat\/iesacumella\/wp-content\/uploads\/usu1642\/2019\/01\/IMG_20190124_121608422-1024x768.jpg 1024w, https:\/\/agora.xtec.cat\/iesacumella\/wp-content\/uploads\/usu1642\/2019\/01\/IMG_20190124_121608422-300x225.jpg 300w, https:\/\/agora.xtec.cat\/iesacumella\/wp-content\/uploads\/usu1642\/2019\/01\/IMG_20190124_121608422-768x576.jpg 768w, https:\/\/agora.xtec.cat\/iesacumella\/wp-content\/uploads\/usu1642\/2019\/01\/IMG_20190124_121608422-200x150.jpg 200w, https:\/\/agora.xtec.cat\/iesacumella\/wp-content\/uploads\/usu1642\/2019\/01\/IMG_20190124_121608422.jpg 1701w\" sizes=\"auto, (max-width: 1024px) 100vw, 1024px\" \/><\/a><\/p>\n","protected":false},"excerpt":{"rendered":"<p>Els dies 22 i 24 de gener l&#8217;alumnat de 1r A d&#8217;ESO ha realitzat dos tallers per anar perfilant el contingut del booktr\u00e0iler d&#8217;enguany, basat en la novel\u00b7la La doble vida de Cassiel Roadnight. Dues especialistes, Mon Mas (dinamitzadora de lectura) i Paula G. Monar&hellip;  <a href=\"https:\/\/agora.xtec.cat\/iesacumella\/portada\/general\/projecte-booktrailer\/\" title=\"Read PROJECTE BOOKTR\u00c0ILER\">Llegeix m\u00e9s\u00bb<\/a><\/p>\n","protected":false},"author":16,"featured_media":6580,"comment_status":"closed","ping_status":"closed","sticky":false,"template":"","format":"standard","meta":{"_bbp_topic_count":0,"_bbp_reply_count":0,"_bbp_total_topic_count":0,"_bbp_total_reply_count":0,"_bbp_voice_count":0,"_bbp_anonymous_reply_count":0,"_bbp_topic_count_hidden":0,"_bbp_reply_count_hidden":0,"_bbp_forum_subforum_count":0,"footnotes":""},"categories":[125,103,3,1,111,124],"tags":[],"class_list":["post-6578","post","type-post","status-publish","format-standard","has-post-thumbnail","hentry","category-1r-eso","category-departaments","category-eso","category-general","category-llengua-catalana","category-visual-i-plastica"],"post_mailing_queue_ids":[],"_links":{"self":[{"href":"https:\/\/agora.xtec.cat\/iesacumella\/wp-json\/wp\/v2\/posts\/6578","targetHints":{"allow":["GET"]}}],"collection":[{"href":"https:\/\/agora.xtec.cat\/iesacumella\/wp-json\/wp\/v2\/posts"}],"about":[{"href":"https:\/\/agora.xtec.cat\/iesacumella\/wp-json\/wp\/v2\/types\/post"}],"author":[{"embeddable":true,"href":"https:\/\/agora.xtec.cat\/iesacumella\/wp-json\/wp\/v2\/users\/16"}],"replies":[{"embeddable":true,"href":"https:\/\/agora.xtec.cat\/iesacumella\/wp-json\/wp\/v2\/comments?post=6578"}],"version-history":[{"count":2,"href":"https:\/\/agora.xtec.cat\/iesacumella\/wp-json\/wp\/v2\/posts\/6578\/revisions"}],"predecessor-version":[{"id":6581,"href":"https:\/\/agora.xtec.cat\/iesacumella\/wp-json\/wp\/v2\/posts\/6578\/revisions\/6581"}],"wp:featuredmedia":[{"embeddable":true,"href":"https:\/\/agora.xtec.cat\/iesacumella\/wp-json\/wp\/v2\/media\/6580"}],"wp:attachment":[{"href":"https:\/\/agora.xtec.cat\/iesacumella\/wp-json\/wp\/v2\/media?parent=6578"}],"wp:term":[{"taxonomy":"category","embeddable":true,"href":"https:\/\/agora.xtec.cat\/iesacumella\/wp-json\/wp\/v2\/categories?post=6578"},{"taxonomy":"post_tag","embeddable":true,"href":"https:\/\/agora.xtec.cat\/iesacumella\/wp-json\/wp\/v2\/tags?post=6578"}],"curies":[{"name":"wp","href":"https:\/\/api.w.org\/{rel}","templated":true}]}}