{"id":6563,"date":"2019-01-23T14:28:09","date_gmt":"2019-01-23T13:28:09","guid":{"rendered":"http:\/\/agora.xtec.cat\/iesacumella\/?p=6563"},"modified":"2019-01-23T14:28:09","modified_gmt":"2019-01-23T13:28:09","slug":"jornada-de-difusio-de-projectes-erasmus","status":"publish","type":"post","link":"https:\/\/agora.xtec.cat\/iesacumella\/portada\/jornada-de-difusio-de-projectes-erasmus\/","title":{"rendered":"Jornada de difusi\u00f3 de projectes Erasmus+"},"content":{"rendered":"<p>Aquest passat dimarts va tenir lloc a la sala d\u2019actes del nostre centre una Jornada de difusi\u00f3 de projectes Erasmus+ organitzada pels Serveis Territorials Maresme-Vall\u00e8s Oriental. Durant la jornada vam comptar amb la pres\u00e8ncia de la Cristina Grau que va informar sobre les sol\u00b7licituds de projectes Erasmus, l\u2019escola Sanrom\u00e0 de Llinars que ens va explicar un KA1 i posteriorment nosaltres que vam exposar la nostra experi\u00e8ncia en el projecte Erasmus KA2 \u201cThe Virtual Universe we Want\u201d.<\/p>\n<p><a href=\"https:\/\/agora.xtec.cat\/iesacumella\/wp-content\/uploads\/usu1642\/2019\/01\/IMG_2795.jpg\"><img loading=\"lazy\" decoding=\"async\" class=\"alignnone size-large wp-image-6564\" src=\"https:\/\/agora.xtec.cat\/iesacumella\/wp-content\/uploads\/usu1642\/2019\/01\/IMG_2795-1024x768.jpg\" alt=\"\" width=\"1024\" height=\"768\" srcset=\"https:\/\/agora.xtec.cat\/iesacumella\/wp-content\/uploads\/usu1642\/2019\/01\/IMG_2795-1024x768.jpg 1024w, https:\/\/agora.xtec.cat\/iesacumella\/wp-content\/uploads\/usu1642\/2019\/01\/IMG_2795-300x225.jpg 300w, https:\/\/agora.xtec.cat\/iesacumella\/wp-content\/uploads\/usu1642\/2019\/01\/IMG_2795-768x576.jpg 768w, https:\/\/agora.xtec.cat\/iesacumella\/wp-content\/uploads\/usu1642\/2019\/01\/IMG_2795-200x150.jpg 200w, https:\/\/agora.xtec.cat\/iesacumella\/wp-content\/uploads\/usu1642\/2019\/01\/IMG_2795.jpg 1600w\" sizes=\"auto, (max-width: 1024px) 100vw, 1024px\" \/><\/a> <a href=\"https:\/\/agora.xtec.cat\/iesacumella\/wp-content\/uploads\/usu1642\/2019\/01\/IMG_2801.jpg\"><img loading=\"lazy\" decoding=\"async\" class=\"alignnone size-large wp-image-6565\" src=\"https:\/\/agora.xtec.cat\/iesacumella\/wp-content\/uploads\/usu1642\/2019\/01\/IMG_2801-1024x768.jpg\" alt=\"\" width=\"1024\" height=\"768\" srcset=\"https:\/\/agora.xtec.cat\/iesacumella\/wp-content\/uploads\/usu1642\/2019\/01\/IMG_2801-1024x768.jpg 1024w, https:\/\/agora.xtec.cat\/iesacumella\/wp-content\/uploads\/usu1642\/2019\/01\/IMG_2801-300x225.jpg 300w, https:\/\/agora.xtec.cat\/iesacumella\/wp-content\/uploads\/usu1642\/2019\/01\/IMG_2801-768x576.jpg 768w, https:\/\/agora.xtec.cat\/iesacumella\/wp-content\/uploads\/usu1642\/2019\/01\/IMG_2801-200x150.jpg 200w, https:\/\/agora.xtec.cat\/iesacumella\/wp-content\/uploads\/usu1642\/2019\/01\/IMG_2801.jpg 2048w\" sizes=\"auto, (max-width: 1024px) 100vw, 1024px\" \/><\/a><\/p>\n","protected":false},"excerpt":{"rendered":"<p>Aquest passat dimarts va tenir lloc a la sala d\u2019actes del nostre centre una Jornada de difusi\u00f3 de projectes Erasmus+ organitzada pels Serveis Territorials Maresme-Vall\u00e8s Oriental. Durant la jornada vam comptar amb la pres\u00e8ncia de la Cristina Grau que va informar sobre les sol\u00b7licituds de&hellip;  <a href=\"https:\/\/agora.xtec.cat\/iesacumella\/portada\/jornada-de-difusio-de-projectes-erasmus\/\" title=\"Read Jornada de difusi\u00f3 de projectes Erasmus+\">Llegeix m\u00e9s\u00bb<\/a><\/p>\n","protected":false},"author":16,"featured_media":6564,"comment_status":"closed","ping_status":"closed","sticky":false,"template":"","format":"standard","meta":{"_bbp_topic_count":0,"_bbp_reply_count":0,"_bbp_total_topic_count":0,"_bbp_total_reply_count":0,"_bbp_voice_count":0,"_bbp_anonymous_reply_count":0,"_bbp_topic_count_hidden":0,"_bbp_reply_count_hidden":0,"_bbp_forum_subforum_count":0,"footnotes":""},"categories":[150,103,132,113,29,117],"tags":[],"class_list":["post-6563","post","type-post","status-publish","format-standard","has-post-thumbnail","hentry","category-avancem","category-departaments","category-gep","category-llengues-estrangeres","category-portada","category-projectes"],"post_mailing_queue_ids":[],"_links":{"self":[{"href":"https:\/\/agora.xtec.cat\/iesacumella\/wp-json\/wp\/v2\/posts\/6563","targetHints":{"allow":["GET"]}}],"collection":[{"href":"https:\/\/agora.xtec.cat\/iesacumella\/wp-json\/wp\/v2\/posts"}],"about":[{"href":"https:\/\/agora.xtec.cat\/iesacumella\/wp-json\/wp\/v2\/types\/post"}],"author":[{"embeddable":true,"href":"https:\/\/agora.xtec.cat\/iesacumella\/wp-json\/wp\/v2\/users\/16"}],"replies":[{"embeddable":true,"href":"https:\/\/agora.xtec.cat\/iesacumella\/wp-json\/wp\/v2\/comments?post=6563"}],"version-history":[{"count":1,"href":"https:\/\/agora.xtec.cat\/iesacumella\/wp-json\/wp\/v2\/posts\/6563\/revisions"}],"predecessor-version":[{"id":6566,"href":"https:\/\/agora.xtec.cat\/iesacumella\/wp-json\/wp\/v2\/posts\/6563\/revisions\/6566"}],"wp:featuredmedia":[{"embeddable":true,"href":"https:\/\/agora.xtec.cat\/iesacumella\/wp-json\/wp\/v2\/media\/6564"}],"wp:attachment":[{"href":"https:\/\/agora.xtec.cat\/iesacumella\/wp-json\/wp\/v2\/media?parent=6563"}],"wp:term":[{"taxonomy":"category","embeddable":true,"href":"https:\/\/agora.xtec.cat\/iesacumella\/wp-json\/wp\/v2\/categories?post=6563"},{"taxonomy":"post_tag","embeddable":true,"href":"https:\/\/agora.xtec.cat\/iesacumella\/wp-json\/wp\/v2\/tags?post=6563"}],"curies":[{"name":"wp","href":"https:\/\/api.w.org\/{rel}","templated":true}]}}