{"id":6555,"date":"2019-01-21T13:55:27","date_gmt":"2019-01-21T12:55:27","guid":{"rendered":"http:\/\/agora.xtec.cat\/iesacumella\/?p=6555"},"modified":"2019-01-21T13:55:27","modified_gmt":"2019-01-21T12:55:27","slug":"tocats-de-literatura-2","status":"publish","type":"post","link":"https:\/\/agora.xtec.cat\/iesacumella\/portada\/general\/tocats-de-literatura-2\/","title":{"rendered":"Tocats de Literatura"},"content":{"rendered":"<p>Divendres passat, l\u00b4alumnat de 2n de batxillerat de Literatura Catalana de modalitat, va gaudir amb la jornada &#8220;Tocats de Literatura&#8221; a la UAB. En M\u00e0rius Serra ens va convidar a tra\u00e7ar camins a trav\u00e9s de la literatura perqu\u00e8 les lletres s\u00f3n tan potents que poden traspassar generacions. La jornada es va completar amb l\u00b4assist\u00e8ncia a diferents tallers que van triar ells mateixos en funci\u00f3 dels seus interessos.<\/p>\n<p><a href=\"https:\/\/agora.xtec.cat\/iesacumella\/wp-content\/uploads\/usu1642\/2019\/01\/IMG-3389.jpg\"><img loading=\"lazy\" decoding=\"async\" class=\"alignnone size-large wp-image-6558\" src=\"https:\/\/agora.xtec.cat\/iesacumella\/wp-content\/uploads\/usu1642\/2019\/01\/IMG-3389-1024x768.jpg\" alt=\"\" width=\"1024\" height=\"768\" srcset=\"https:\/\/agora.xtec.cat\/iesacumella\/wp-content\/uploads\/usu1642\/2019\/01\/IMG-3389-1024x768.jpg 1024w, https:\/\/agora.xtec.cat\/iesacumella\/wp-content\/uploads\/usu1642\/2019\/01\/IMG-3389-300x225.jpg 300w, https:\/\/agora.xtec.cat\/iesacumella\/wp-content\/uploads\/usu1642\/2019\/01\/IMG-3389-768x576.jpg 768w, https:\/\/agora.xtec.cat\/iesacumella\/wp-content\/uploads\/usu1642\/2019\/01\/IMG-3389-200x150.jpg 200w\" sizes=\"auto, (max-width: 1024px) 100vw, 1024px\" \/><\/a><\/p>\n","protected":false},"excerpt":{"rendered":"<p>Divendres passat, l\u00b4alumnat de 2n de batxillerat de Literatura Catalana de modalitat, va gaudir amb la jornada &#8220;Tocats de Literatura&#8221; a la UAB. En M\u00e0rius Serra ens va convidar a tra\u00e7ar camins a trav\u00e9s de la literatura perqu\u00e8 les lletres s\u00f3n tan potents que poden&hellip;  <a href=\"https:\/\/agora.xtec.cat\/iesacumella\/portada\/general\/tocats-de-literatura-2\/\" title=\"Read Tocats de Literatura\">Llegeix m\u00e9s\u00bb<\/a><\/p>\n","protected":false},"author":16,"featured_media":6558,"comment_status":"closed","ping_status":"closed","sticky":false,"template":"","format":"standard","meta":{"_bbp_topic_count":0,"_bbp_reply_count":0,"_bbp_total_topic_count":0,"_bbp_total_reply_count":0,"_bbp_voice_count":0,"_bbp_anonymous_reply_count":0,"_bbp_topic_count_hidden":0,"_bbp_reply_count_hidden":0,"_bbp_forum_subforum_count":0,"footnotes":""},"categories":[150,8,145,103,1,111,29,117],"tags":[],"class_list":["post-6555","post","type-post","status-publish","format-standard","has-post-thumbnail","hentry","category-avancem","category-batxillerat","category-batxillerat-diurn","category-departaments","category-general","category-llengua-catalana","category-portada","category-projectes"],"post_mailing_queue_ids":[],"_links":{"self":[{"href":"https:\/\/agora.xtec.cat\/iesacumella\/wp-json\/wp\/v2\/posts\/6555","targetHints":{"allow":["GET"]}}],"collection":[{"href":"https:\/\/agora.xtec.cat\/iesacumella\/wp-json\/wp\/v2\/posts"}],"about":[{"href":"https:\/\/agora.xtec.cat\/iesacumella\/wp-json\/wp\/v2\/types\/post"}],"author":[{"embeddable":true,"href":"https:\/\/agora.xtec.cat\/iesacumella\/wp-json\/wp\/v2\/users\/16"}],"replies":[{"embeddable":true,"href":"https:\/\/agora.xtec.cat\/iesacumella\/wp-json\/wp\/v2\/comments?post=6555"}],"version-history":[{"count":3,"href":"https:\/\/agora.xtec.cat\/iesacumella\/wp-json\/wp\/v2\/posts\/6555\/revisions"}],"predecessor-version":[{"id":6559,"href":"https:\/\/agora.xtec.cat\/iesacumella\/wp-json\/wp\/v2\/posts\/6555\/revisions\/6559"}],"wp:featuredmedia":[{"embeddable":true,"href":"https:\/\/agora.xtec.cat\/iesacumella\/wp-json\/wp\/v2\/media\/6558"}],"wp:attachment":[{"href":"https:\/\/agora.xtec.cat\/iesacumella\/wp-json\/wp\/v2\/media?parent=6555"}],"wp:term":[{"taxonomy":"category","embeddable":true,"href":"https:\/\/agora.xtec.cat\/iesacumella\/wp-json\/wp\/v2\/categories?post=6555"},{"taxonomy":"post_tag","embeddable":true,"href":"https:\/\/agora.xtec.cat\/iesacumella\/wp-json\/wp\/v2\/tags?post=6555"}],"curies":[{"name":"wp","href":"https:\/\/api.w.org\/{rel}","templated":true}]}}